{"id":13197,"date":"2024-01-16T12:44:52","date_gmt":"2024-01-16T12:44:52","guid":{"rendered":"https:\/\/hottaadvocacia.com\/?post_type=articles&#038;p=13197"},"modified":"2024-10-15T13:17:41","modified_gmt":"2024-10-15T13:17:41","slug":"impulsionando-a-acao-climatica-a-partir-dos-direitos-humanos","status":"publish","type":"articles","link":"https:\/\/hottaadvocacia.com\/pt-br\/articles\/impulsionando-a-acao-climatica-a-partir-dos-direitos-humanos\/","title":{"rendered":"Impulsionando a A\u00e7\u00e3o Clim\u00e1tica a partir dos Direitos Humanos"},"content":{"rendered":"\n<p><\/p>\n\n\n\n<p>A <strong>Conectas<\/strong> \u00e9 uma <strong>organiza\u00e7\u00e3o n\u00e3o governamental brasileira<\/strong>, fundada em 2001, dedicada \u00e0 promo\u00e7\u00e3o e defesa dos direitos humanos no Sul Global. Com o objetivo de garantir a dignidade e igualdade para todas as pessoas, a Conectas atua em diversas \u00e1reas, incluindo justi\u00e7a social, prote\u00e7\u00e3o ambiental, combate \u00e0s desigualdades e defesa dos direitos das popula\u00e7\u00f5es mais vulner\u00e1veis. Por meio de pesquisas, advocacia e articula\u00e7\u00e3o com movimentos sociais, a organiza\u00e7\u00e3o busca fortalecer a democracia e promover pol\u00edticas p\u00fablicas mais justas.<\/p>\n\n\n\n<p>Entre os projetos desenvolvidos pela Conectas est\u00e1 o <strong>&#8220;Impulsionando a A\u00e7\u00e3o Clim\u00e1tica a partir dos Direitos Humanos&#8221;<\/strong>, que aborda a crise clim\u00e1tica de maneira integral, colocando os direitos humanos e socioambientais no centro das solu\u00e7\u00f5es. Este projeto reconhece que o enfrentamento \u00e0 crise clim\u00e1tica precisa ser guiado pelos princ\u00edpios de justi\u00e7a clim\u00e1tica, pelo combate ao racismo ambiental, e pela garantia da democracia.<\/p>\n\n\n\n<p>Com a coordena\u00e7\u00e3o de <strong>J\u00falia Neiva<\/strong>, e autoria e pesquisa conduzidas por <strong>Anna Maria C\u00e1rcamo<\/strong> e <strong>Gabriel Mantelli<\/strong>, o projeto reflete o compromisso da Conectas em promover uma resposta \u00e0 crise clim\u00e1tica que contemple os direitos das popula\u00e7\u00f5es mais afetadas e que seja orientada pela equidade e responsabilidade socioambiental.<\/p>\n\n\n\n<p>Para mais detalhes, acesse <a href=\"https:\/\/www.conectas.org\/wp-content\/uploads\/2023\/10\/relatorio-climatico-03-impulsionando-a-acao-climatica.pdf\">aqui<\/a> o relat\u00f3rio completo e conhe\u00e7a as propostas para impulsionar a a\u00e7\u00e3o clim\u00e1tica com base nos direitos humanos.<\/p>\n\n\n\n<p>NEIVA, Julia (Coord.). <strong>Impulsionando a a\u00e7\u00e3o clim\u00e1tica a partir de direitos humanos: <\/strong>relat\u00f3rio completo. S\u00e3o Paulo: <strong>Conectas Direitos Humanos<\/strong>, 2023. 45 p.<\/p>\n","protected":false},"featured_media":13294,"menu_order":0,"template":"","format":"standard","meta":{"_acf_changed":false,"footnotes":""},"article_categories":[],"class_list":["post-13197","articles","type-articles","status-publish","format-standard","has-post-thumbnail","hentry","description-off"],"acf":[],"yoast_head":"<!-- This site is optimized with the Yoast SEO Premium plugin v26.2 (Yoast SEO v27.5) - https:\/\/yoast.com\/product\/yoast-seo-premium-wordpress\/ -->\n<title>Impulsionando a A\u00e7\u00e3o Clim\u00e1tica a partir dos Direitos Humanos - Hotta Advocacia<\/title>\n<meta name=\"description\" content=\"Entre os projetos desenvolvidos pela Conectas est\u00e1 o &quot;Impulsionando a A\u00e7\u00e3o Clim\u00e1tica a partir dos Direitos Humanos&quot;, que aborda a crise clim\u00e1tica de maneira integral, colocando os direitos humanos e socioambientais no centro das solu\u00e7\u00f5es.\" \/>\n<meta name=\"robots\" content=\"index, follow, max-snippet:-1, max-image-preview:large, max-video-preview:-1\" \/>\n<link rel=\"canonical\" href=\"https:\/\/hottaadvocacia.com\/pt-br\/articles\/impulsionando-a-acao-climatica-a-partir-dos-direitos-humanos\/\" \/>\n<meta property=\"og:locale\" content=\"pt_BR\" \/>\n<meta property=\"og:type\" content=\"article\" \/>\n<meta property=\"og:title\" content=\"Impulsionando a A\u00e7\u00e3o Clim\u00e1tica a partir dos Direitos Humanos\" \/>\n<meta property=\"og:description\" content=\"Entre os projetos desenvolvidos pela Conectas est\u00e1 o &quot;Impulsionando a A\u00e7\u00e3o Clim\u00e1tica a partir dos Direitos Humanos&quot;, que aborda a crise clim\u00e1tica de maneira integral, colocando os direitos humanos e socioambientais no centro das solu\u00e7\u00f5es.\" \/>\n<meta property=\"og:url\" content=\"https:\/\/hottaadvocacia.com\/pt-br\/articles\/impulsionando-a-acao-climatica-a-partir-dos-direitos-humanos\/\" \/>\n<meta property=\"og:site_name\" content=\"Hotta Advocacia\" \/>\n<meta property=\"article:modified_time\" content=\"2024-10-15T13:17:41+00:00\" \/>\n<meta property=\"og:image\" content=\"https:\/\/hottaadvocacia.com\/wp-content\/uploads\/2024\/01\/Capture-2.jpg\" \/>\n\t<meta property=\"og:image:width\" content=\"480\" \/>\n\t<meta property=\"og:image:height\" content=\"284\" \/>\n\t<meta property=\"og:image:type\" content=\"image\/jpeg\" \/>\n<meta name=\"twitter:card\" content=\"summary_large_image\" \/>\n<meta name=\"twitter:label1\" content=\"Est. tempo de leitura\" \/>\n\t<meta name=\"twitter:data1\" content=\"2 minutos\" \/>\n<script type=\"application\/ld+json\" class=\"yoast-schema-graph\">{\"@context\":\"https:\\\/\\\/schema.org\",\"@graph\":[{\"@type\":\"WebPage\",\"@id\":\"https:\\\/\\\/hottaadvocacia.com\\\/pt-br\\\/articles\\\/impulsionando-a-acao-climatica-a-partir-dos-direitos-humanos\\\/\",\"url\":\"https:\\\/\\\/hottaadvocacia.com\\\/pt-br\\\/articles\\\/impulsionando-a-acao-climatica-a-partir-dos-direitos-humanos\\\/\",\"name\":\"Impulsionando a A\u00e7\u00e3o Clim\u00e1tica a partir dos Direitos Humanos - Hotta Advocacia\",\"isPartOf\":{\"@id\":\"https:\\\/\\\/hottaadvocacia.com\\\/pt-br\\\/#website\"},\"primaryImageOfPage\":{\"@id\":\"https:\\\/\\\/hottaadvocacia.com\\\/pt-br\\\/articles\\\/impulsionando-a-acao-climatica-a-partir-dos-direitos-humanos\\\/#primaryimage\"},\"image\":{\"@id\":\"https:\\\/\\\/hottaadvocacia.com\\\/pt-br\\\/articles\\\/impulsionando-a-acao-climatica-a-partir-dos-direitos-humanos\\\/#primaryimage\"},\"thumbnailUrl\":\"https:\\\/\\\/hottaadvocacia.com\\\/wp-content\\\/uploads\\\/2024\\\/01\\\/Capture-2.jpg\",\"datePublished\":\"2024-01-16T12:44:52+00:00\",\"dateModified\":\"2024-10-15T13:17:41+00:00\",\"description\":\"Entre os projetos desenvolvidos pela Conectas est\u00e1 o \\\"Impulsionando a A\u00e7\u00e3o Clim\u00e1tica a partir dos Direitos Humanos\\\", que aborda a crise clim\u00e1tica de maneira integral, colocando os direitos humanos e socioambientais no centro das solu\u00e7\u00f5es.\",\"breadcrumb\":{\"@id\":\"https:\\\/\\\/hottaadvocacia.com\\\/pt-br\\\/articles\\\/impulsionando-a-acao-climatica-a-partir-dos-direitos-humanos\\\/#breadcrumb\"},\"inLanguage\":\"pt-BR\",\"potentialAction\":[{\"@type\":\"ReadAction\",\"target\":[\"https:\\\/\\\/hottaadvocacia.com\\\/pt-br\\\/articles\\\/impulsionando-a-acao-climatica-a-partir-dos-direitos-humanos\\\/\"]}]},{\"@type\":\"ImageObject\",\"inLanguage\":\"pt-BR\",\"@id\":\"https:\\\/\\\/hottaadvocacia.com\\\/pt-br\\\/articles\\\/impulsionando-a-acao-climatica-a-partir-dos-direitos-humanos\\\/#primaryimage\",\"url\":\"https:\\\/\\\/hottaadvocacia.com\\\/wp-content\\\/uploads\\\/2024\\\/01\\\/Capture-2.jpg\",\"contentUrl\":\"https:\\\/\\\/hottaadvocacia.com\\\/wp-content\\\/uploads\\\/2024\\\/01\\\/Capture-2.jpg\",\"width\":480,\"height\":284},{\"@type\":\"BreadcrumbList\",\"@id\":\"https:\\\/\\\/hottaadvocacia.com\\\/pt-br\\\/articles\\\/impulsionando-a-acao-climatica-a-partir-dos-direitos-humanos\\\/#breadcrumb\",\"itemListElement\":[{\"@type\":\"ListItem\",\"position\":1,\"name\":\"Home\",\"item\":\"https:\\\/\\\/hottaadvocacia.com\\\/pt-br\\\/\"},{\"@type\":\"ListItem\",\"position\":2,\"name\":\"Impulsionando a A\u00e7\u00e3o Clim\u00e1tica a partir dos Direitos Humanos\"}]},{\"@type\":\"WebSite\",\"@id\":\"https:\\\/\\\/hottaadvocacia.com\\\/pt-br\\\/#website\",\"url\":\"https:\\\/\\\/hottaadvocacia.com\\\/pt-br\\\/\",\"name\":\"Hotta Advocacia\",\"description\":\"Justice First\",\"publisher\":{\"@id\":\"https:\\\/\\\/hottaadvocacia.com\\\/pt-br\\\/#organization\"},\"potentialAction\":[{\"@type\":\"SearchAction\",\"target\":{\"@type\":\"EntryPoint\",\"urlTemplate\":\"https:\\\/\\\/hottaadvocacia.com\\\/pt-br\\\/?s={search_term_string}\"},\"query-input\":{\"@type\":\"PropertyValueSpecification\",\"valueRequired\":true,\"valueName\":\"search_term_string\"}}],\"inLanguage\":\"pt-BR\"},{\"@type\":\"Organization\",\"@id\":\"https:\\\/\\\/hottaadvocacia.com\\\/pt-br\\\/#organization\",\"name\":\"Hotta Advocacia\",\"url\":\"https:\\\/\\\/hottaadvocacia.com\\\/pt-br\\\/\",\"logo\":{\"@type\":\"ImageObject\",\"inLanguage\":\"pt-BR\",\"@id\":\"https:\\\/\\\/hottaadvocacia.com\\\/pt-br\\\/#\\\/schema\\\/logo\\\/image\\\/\",\"url\":\"https:\\\/\\\/hottaadvocacia.com\\\/wp-content\\\/uploads\\\/2023\\\/03\\\/HA-logo-1.png\",\"contentUrl\":\"https:\\\/\\\/hottaadvocacia.com\\\/wp-content\\\/uploads\\\/2023\\\/03\\\/HA-logo-1.png\",\"width\":897,\"height\":350,\"caption\":\"Hotta Advocacia\"},\"image\":{\"@id\":\"https:\\\/\\\/hottaadvocacia.com\\\/pt-br\\\/#\\\/schema\\\/logo\\\/image\\\/\"}}]}<\/script>\n<!-- \/ Yoast SEO Premium plugin. -->","yoast_head_json":{"title":"Impulsionando a A\u00e7\u00e3o Clim\u00e1tica a partir dos Direitos Humanos - Hotta Advocacia","description":"Entre os projetos desenvolvidos pela Conectas est\u00e1 o \"Impulsionando a A\u00e7\u00e3o Clim\u00e1tica a partir dos Direitos Humanos\", que aborda a crise clim\u00e1tica de maneira integral, colocando os direitos humanos e socioambientais no centro das solu\u00e7\u00f5es.","robots":{"index":"index","follow":"follow","max-snippet":"max-snippet:-1","max-image-preview":"max-image-preview:large","max-video-preview":"max-video-preview:-1"},"canonical":"https:\/\/hottaadvocacia.com\/pt-br\/articles\/impulsionando-a-acao-climatica-a-partir-dos-direitos-humanos\/","og_locale":"pt_BR","og_type":"article","og_title":"Impulsionando a A\u00e7\u00e3o Clim\u00e1tica a partir dos Direitos Humanos","og_description":"Entre os projetos desenvolvidos pela Conectas est\u00e1 o \"Impulsionando a A\u00e7\u00e3o Clim\u00e1tica a partir dos Direitos Humanos\", que aborda a crise clim\u00e1tica de maneira integral, colocando os direitos humanos e socioambientais no centro das solu\u00e7\u00f5es.","og_url":"https:\/\/hottaadvocacia.com\/pt-br\/articles\/impulsionando-a-acao-climatica-a-partir-dos-direitos-humanos\/","og_site_name":"Hotta Advocacia","article_modified_time":"2024-10-15T13:17:41+00:00","og_image":[{"width":480,"height":284,"url":"https:\/\/hottaadvocacia.com\/wp-content\/uploads\/2024\/01\/Capture-2.jpg","type":"image\/jpeg"}],"twitter_card":"summary_large_image","twitter_misc":{"Est. tempo de leitura":"2 minutos"},"schema":{"@context":"https:\/\/schema.org","@graph":[{"@type":"WebPage","@id":"https:\/\/hottaadvocacia.com\/pt-br\/articles\/impulsionando-a-acao-climatica-a-partir-dos-direitos-humanos\/","url":"https:\/\/hottaadvocacia.com\/pt-br\/articles\/impulsionando-a-acao-climatica-a-partir-dos-direitos-humanos\/","name":"Impulsionando a A\u00e7\u00e3o Clim\u00e1tica a partir dos Direitos Humanos - Hotta Advocacia","isPartOf":{"@id":"https:\/\/hottaadvocacia.com\/pt-br\/#website"},"primaryImageOfPage":{"@id":"https:\/\/hottaadvocacia.com\/pt-br\/articles\/impulsionando-a-acao-climatica-a-partir-dos-direitos-humanos\/#primaryimage"},"image":{"@id":"https:\/\/hottaadvocacia.com\/pt-br\/articles\/impulsionando-a-acao-climatica-a-partir-dos-direitos-humanos\/#primaryimage"},"thumbnailUrl":"https:\/\/hottaadvocacia.com\/wp-content\/uploads\/2024\/01\/Capture-2.jpg","datePublished":"2024-01-16T12:44:52+00:00","dateModified":"2024-10-15T13:17:41+00:00","description":"Entre os projetos desenvolvidos pela Conectas est\u00e1 o \"Impulsionando a A\u00e7\u00e3o Clim\u00e1tica a partir dos Direitos Humanos\", que aborda a crise clim\u00e1tica de maneira integral, colocando os direitos humanos e socioambientais no centro das solu\u00e7\u00f5es.","breadcrumb":{"@id":"https:\/\/hottaadvocacia.com\/pt-br\/articles\/impulsionando-a-acao-climatica-a-partir-dos-direitos-humanos\/#breadcrumb"},"inLanguage":"pt-BR","potentialAction":[{"@type":"ReadAction","target":["https:\/\/hottaadvocacia.com\/pt-br\/articles\/impulsionando-a-acao-climatica-a-partir-dos-direitos-humanos\/"]}]},{"@type":"ImageObject","inLanguage":"pt-BR","@id":"https:\/\/hottaadvocacia.com\/pt-br\/articles\/impulsionando-a-acao-climatica-a-partir-dos-direitos-humanos\/#primaryimage","url":"https:\/\/hottaadvocacia.com\/wp-content\/uploads\/2024\/01\/Capture-2.jpg","contentUrl":"https:\/\/hottaadvocacia.com\/wp-content\/uploads\/2024\/01\/Capture-2.jpg","width":480,"height":284},{"@type":"BreadcrumbList","@id":"https:\/\/hottaadvocacia.com\/pt-br\/articles\/impulsionando-a-acao-climatica-a-partir-dos-direitos-humanos\/#breadcrumb","itemListElement":[{"@type":"ListItem","position":1,"name":"Home","item":"https:\/\/hottaadvocacia.com\/pt-br\/"},{"@type":"ListItem","position":2,"name":"Impulsionando a A\u00e7\u00e3o Clim\u00e1tica a partir dos Direitos Humanos"}]},{"@type":"WebSite","@id":"https:\/\/hottaadvocacia.com\/pt-br\/#website","url":"https:\/\/hottaadvocacia.com\/pt-br\/","name":"Hotta Advocacia","description":"Justice First","publisher":{"@id":"https:\/\/hottaadvocacia.com\/pt-br\/#organization"},"potentialAction":[{"@type":"SearchAction","target":{"@type":"EntryPoint","urlTemplate":"https:\/\/hottaadvocacia.com\/pt-br\/?s={search_term_string}"},"query-input":{"@type":"PropertyValueSpecification","valueRequired":true,"valueName":"search_term_string"}}],"inLanguage":"pt-BR"},{"@type":"Organization","@id":"https:\/\/hottaadvocacia.com\/pt-br\/#organization","name":"Hotta Advocacia","url":"https:\/\/hottaadvocacia.com\/pt-br\/","logo":{"@type":"ImageObject","inLanguage":"pt-BR","@id":"https:\/\/hottaadvocacia.com\/pt-br\/#\/schema\/logo\/image\/","url":"https:\/\/hottaadvocacia.com\/wp-content\/uploads\/2023\/03\/HA-logo-1.png","contentUrl":"https:\/\/hottaadvocacia.com\/wp-content\/uploads\/2023\/03\/HA-logo-1.png","width":897,"height":350,"caption":"Hotta Advocacia"},"image":{"@id":"https:\/\/hottaadvocacia.com\/pt-br\/#\/schema\/logo\/image\/"}}]}},"_links":{"self":[{"href":"https:\/\/hottaadvocacia.com\/pt-br\/wp-json\/wp\/v2\/articles\/13197","targetHints":{"allow":["GET"]}}],"collection":[{"href":"https:\/\/hottaadvocacia.com\/pt-br\/wp-json\/wp\/v2\/articles"}],"about":[{"href":"https:\/\/hottaadvocacia.com\/pt-br\/wp-json\/wp\/v2\/types\/articles"}],"version-history":[{"count":0,"href":"https:\/\/hottaadvocacia.com\/pt-br\/wp-json\/wp\/v2\/articles\/13197\/revisions"}],"wp:featuredmedia":[{"embeddable":true,"href":"https:\/\/hottaadvocacia.com\/pt-br\/wp-json\/wp\/v2\/media\/13294"}],"wp:attachment":[{"href":"https:\/\/hottaadvocacia.com\/pt-br\/wp-json\/wp\/v2\/media?parent=13197"}],"wp:term":[{"taxonomy":"article_categories","embeddable":true,"href":"https:\/\/hottaadvocacia.com\/pt-br\/wp-json\/wp\/v2\/article_categories?post=13197"}],"curies":[{"name":"wp","href":"https:\/\/api.w.org\/{rel}","templated":true}]}}