{"id":13303,"date":"2024-01-25T14:50:16","date_gmt":"2024-01-25T14:50:16","guid":{"rendered":"https:\/\/hottaadvocacia.com\/?post_type=articles&#038;p=13303"},"modified":"2024-01-25T16:57:04","modified_gmt":"2024-01-25T16:57:04","slug":"ods-16-e-justica-socioambiental","status":"publish","type":"articles","link":"https:\/\/hottaadvocacia.com\/pt-br\/articles\/ods-16-e-justica-socioambiental\/","title":{"rendered":"ODS 16 e Justi\u00e7a Socioambiental no Brasil: um enfoque na participa\u00e7\u00e3o e acesso \u00e0 justi\u00e7a da sociedade civil e dos mais vulner\u00e1veis"},"content":{"rendered":"\n<p>O Objetivo de Desenvolvimento Sustent\u00e1vel (ODS) 16, \u201cPaz, Justi\u00e7a e Institui\u00e7\u00f5es Eficazes\u2019\u2019 trata de tem\u00e1ticas basilares e indispens\u00e1veis para o pr\u00f3prio funcionamento do Estado Democr\u00e1tico de Direito, e portanto, trata-se de ODS fundamental a todos os demais. Em outras palavras, sem ele n\u00e3o teremos a frui\u00e7\u00e3o efetiva de nenhum dos ODS. Ao falar de Estado Ecol\u00f3gico de Direito e justi\u00e7a socioambiental, frisamos as metas 16.3, 16.6 e 16.7. <\/p>\n\n\n\n<p>A meta 16.3 trata de \u201cPromover o Estado de Direito, em n\u00edvel nacional e internacional, e garantir a igualdade de acesso \u00e0 justi\u00e7a para todos.\u201d A adequa\u00e7\u00e3o ao Brasil, conforme o IPEA \u201cFortalecer o Estado de Direito e garantir acesso \u00e0 justi\u00e7a a 262 26\u00ba CONGRESSO BRASILEIRO DE DIREITO AMBIENTAL E-book .Teses de Profissionais e Estudantes de Gradua\u00e7\u00e3o e de P\u00f3s-Gradua\u00e7\u00e3o todos, especialmente aos que se encontram em situa\u00e7\u00e3o de vulnerabilidade.\u201d (grifos nossos), torna mais clara sua conex\u00e3o com a tem\u00e1tica da justi\u00e7a socioambiental. O destaque aos que se encontram em situa\u00e7\u00e3o de vulnerabilidade cristaliza o princ\u00edpio da equidade, ou da igualdade material, fator integral \u00e0 teoria da justi\u00e7a socioambiental, que ressalta a desigualdade de distribui\u00e7\u00e3o de \u00f4nus e b\u00f4nus ambientais, bem como do acesso \u00e0 justi\u00e7a e participa\u00e7\u00e3o efetiva na tomada de decis\u00e3o por parte dos que sofrer\u00e3o mais com seus impactos.<br><\/p>\n\n\n\n<p>Enquanto isso, a meta 16.6, busca \u201cDesenvolver institui\u00e7\u00f5es eficazes, respons\u00e1veis e transparentes em todos os n\u00edveis\u201d, e de forma adequada ao Brasil, prev\u00ea \u201cAmpliar a transpar\u00eancia, a accountability e a efetividade das institui\u00e7\u00f5es, em todos os n\u00edveis.\u201d e a meta 16.7, \u201cGarantir a tomada de decis\u00e3o responsiva, inclusiva, participativa e representativa em todos os n\u00edveis.\u201d (grifos nossos). Sendo assim, metas que dialogam entre si e da mesma forma, diretamente com a justi\u00e7a socioambiental. <\/p>\n\n\n\n<p><br>Para refletir acerca do conte\u00fado dessas metas e sua aplicabilidade no Brasil, vamos abordar a justi\u00e7a socioambiental e sua conex\u00e3o com os princ\u00edpios da participa\u00e7\u00e3o popular e do acesso \u00e0 justi\u00e7a na teoria e no direito brasileiro e internacional p\u00fablico. Posteriormente, iremos avaliar a distin\u00e7\u00e3o do dever-ser e da pr\u00e1tica, ao observar uma crescente restri\u00e7\u00e3o concernente \u00e0 participa\u00e7\u00e3o da sociedade civil e de titulares de direitos em colegiados do poder p\u00fablico Federal, e o movimento de judicializa\u00e7\u00e3o que se op\u00f5e a esses retrocessos. Para verificar a aplica\u00e7\u00e3o da tem\u00e1tica na litig\u00e2ncia socioambiental brasileira, em resposta ao atual cerceamento da participa\u00e7\u00e3o popular na tomada de decis\u00f5es, iremos discorrer sobre quatro casos recentes que se embasam na tem\u00e1tica: ADPF 623, a qual se refere \u00e0 composi\u00e7\u00e3o do CONAMA; ADPF 748, a qual se refere a inconstitucionalidade de normas revogadas pelo CONAMA; a ADPF 709, que trata dos direitos dos povos ind\u00edgenas e salvaguardas frente \u00e0 COVID-19; e ADPF 741, que trata dos direitos das comunidades quilombolas e salvaguardas frente \u00e0 COVID-19. Por fim, teceremos considera\u00e7\u00f5es finais a respeito.<\/p>\n\n\n\n<p>Autores: Anna Maria C\u00e1rcamo e F\u00e1bio Ishisaki<\/p>\n\n\n\n<p>Acesse o documento completo <a href=\"http:\/\/www.planetaverde.org\/arquivos\/biblioteca\/arquivo_20220418110345_3995.pdf\">aqui<\/a> (p\u00e1gina 261).<\/p>\n","protected":false},"featured_media":13307,"menu_order":0,"template":"","format":"standard","meta":{"_acf_changed":false,"footnotes":""},"article_categories":[],"class_list":["post-13303","articles","type-articles","status-publish","format-standard","has-post-thumbnail","hentry","description-off"],"acf":[],"yoast_head":"<!-- This site is optimized with the Yoast SEO Premium plugin v26.2 (Yoast SEO v27.5) - https:\/\/yoast.com\/product\/yoast-seo-premium-wordpress\/ -->\n<title>ODS 16 e Justi\u00e7a Socioambiental no Brasil: um enfoque na participa\u00e7\u00e3o e acesso \u00e0 justi\u00e7a da sociedade civil e dos mais vulner\u00e1veis - Hotta Advocacia<\/title>\n<meta name=\"description\" content=\"O Objetivo de Desenvolvimento Sustent\u00e1vel (ODS) 16, \u201cPaz, Justi\u00e7a e Institui\u00e7\u00f5es Eficazes\u2019\u2019 trata de tem\u00e1ticas basilares e indispens\u00e1veis para o pr\u00f3prio funcionamento do Estado Democr\u00e1tico de Direito, e portanto, trata-se de ODS fundamental a todos os demais. Em outras palavras, sem ele n\u00e3o teremos a frui\u00e7\u00e3o efetiva de nenhum dos ODS. Ao falar de Estado Ecol\u00f3gico de Direito e justi\u00e7a socioambiental, frisamos as metas 16.3, 16.6 e 16.7.\" \/>\n<meta name=\"robots\" content=\"index, follow, max-snippet:-1, max-image-preview:large, max-video-preview:-1\" \/>\n<link rel=\"canonical\" href=\"https:\/\/hottaadvocacia.com\/pt-br\/articles\/ods-16-e-justica-socioambiental\/\" \/>\n<meta property=\"og:locale\" content=\"pt_BR\" \/>\n<meta property=\"og:type\" content=\"article\" \/>\n<meta property=\"og:title\" content=\"ODS 16 e Justi\u00e7a Socioambiental no Brasil: um enfoque na participa\u00e7\u00e3o e acesso \u00e0 justi\u00e7a da sociedade civil e dos mais vulner\u00e1veis\" \/>\n<meta property=\"og:description\" content=\"O Objetivo de Desenvolvimento Sustent\u00e1vel (ODS) 16, \u201cPaz, Justi\u00e7a e Institui\u00e7\u00f5es Eficazes\u2019\u2019 trata de tem\u00e1ticas basilares e indispens\u00e1veis para o pr\u00f3prio funcionamento do Estado Democr\u00e1tico de Direito, e portanto, trata-se de ODS fundamental a todos os demais. Em outras palavras, sem ele n\u00e3o teremos a frui\u00e7\u00e3o efetiva de nenhum dos ODS. Ao falar de Estado Ecol\u00f3gico de Direito e justi\u00e7a socioambiental, frisamos as metas 16.3, 16.6 e 16.7.\" \/>\n<meta property=\"og:url\" content=\"https:\/\/hottaadvocacia.com\/pt-br\/articles\/ods-16-e-justica-socioambiental\/\" \/>\n<meta property=\"og:site_name\" content=\"Hotta Advocacia\" \/>\n<meta property=\"article:modified_time\" content=\"2024-01-25T16:57:04+00:00\" \/>\n<meta property=\"og:image\" content=\"https:\/\/hottaadvocacia.com\/wp-content\/uploads\/2024\/01\/Capture5.jpg\" \/>\n\t<meta property=\"og:image:width\" content=\"901\" \/>\n\t<meta property=\"og:image:height\" content=\"562\" \/>\n\t<meta property=\"og:image:type\" content=\"image\/jpeg\" \/>\n<meta name=\"twitter:card\" content=\"summary_large_image\" \/>\n<meta name=\"twitter:label1\" content=\"Est. tempo de leitura\" \/>\n\t<meta name=\"twitter:data1\" content=\"3 minutos\" \/>\n<script type=\"application\/ld+json\" class=\"yoast-schema-graph\">{\"@context\":\"https:\\\/\\\/schema.org\",\"@graph\":[{\"@type\":\"WebPage\",\"@id\":\"https:\\\/\\\/hottaadvocacia.com\\\/pt-br\\\/articles\\\/ods-16-e-justica-socioambiental\\\/\",\"url\":\"https:\\\/\\\/hottaadvocacia.com\\\/pt-br\\\/articles\\\/ods-16-e-justica-socioambiental\\\/\",\"name\":\"ODS 16 e Justi\u00e7a Socioambiental no Brasil: um enfoque na participa\u00e7\u00e3o e acesso \u00e0 justi\u00e7a da sociedade civil e dos mais vulner\u00e1veis - Hotta Advocacia\",\"isPartOf\":{\"@id\":\"https:\\\/\\\/hottaadvocacia.com\\\/pt-br\\\/#website\"},\"primaryImageOfPage\":{\"@id\":\"https:\\\/\\\/hottaadvocacia.com\\\/pt-br\\\/articles\\\/ods-16-e-justica-socioambiental\\\/#primaryimage\"},\"image\":{\"@id\":\"https:\\\/\\\/hottaadvocacia.com\\\/pt-br\\\/articles\\\/ods-16-e-justica-socioambiental\\\/#primaryimage\"},\"thumbnailUrl\":\"https:\\\/\\\/hottaadvocacia.com\\\/wp-content\\\/uploads\\\/2024\\\/01\\\/Capture5.jpg\",\"datePublished\":\"2024-01-25T14:50:16+00:00\",\"dateModified\":\"2024-01-25T16:57:04+00:00\",\"description\":\"O Objetivo de Desenvolvimento Sustent\u00e1vel (ODS) 16, \u201cPaz, Justi\u00e7a e Institui\u00e7\u00f5es Eficazes\u2019\u2019 trata de tem\u00e1ticas basilares e indispens\u00e1veis para o pr\u00f3prio funcionamento do Estado Democr\u00e1tico de Direito, e portanto, trata-se de ODS fundamental a todos os demais. Em outras palavras, sem ele n\u00e3o teremos a frui\u00e7\u00e3o efetiva de nenhum dos ODS. Ao falar de Estado Ecol\u00f3gico de Direito e justi\u00e7a socioambiental, frisamos as metas 16.3, 16.6 e 16.7.\",\"breadcrumb\":{\"@id\":\"https:\\\/\\\/hottaadvocacia.com\\\/pt-br\\\/articles\\\/ods-16-e-justica-socioambiental\\\/#breadcrumb\"},\"inLanguage\":\"pt-BR\",\"potentialAction\":[{\"@type\":\"ReadAction\",\"target\":[\"https:\\\/\\\/hottaadvocacia.com\\\/pt-br\\\/articles\\\/ods-16-e-justica-socioambiental\\\/\"]}]},{\"@type\":\"ImageObject\",\"inLanguage\":\"pt-BR\",\"@id\":\"https:\\\/\\\/hottaadvocacia.com\\\/pt-br\\\/articles\\\/ods-16-e-justica-socioambiental\\\/#primaryimage\",\"url\":\"https:\\\/\\\/hottaadvocacia.com\\\/wp-content\\\/uploads\\\/2024\\\/01\\\/Capture5.jpg\",\"contentUrl\":\"https:\\\/\\\/hottaadvocacia.com\\\/wp-content\\\/uploads\\\/2024\\\/01\\\/Capture5.jpg\",\"width\":901,\"height\":562},{\"@type\":\"BreadcrumbList\",\"@id\":\"https:\\\/\\\/hottaadvocacia.com\\\/pt-br\\\/articles\\\/ods-16-e-justica-socioambiental\\\/#breadcrumb\",\"itemListElement\":[{\"@type\":\"ListItem\",\"position\":1,\"name\":\"Home\",\"item\":\"https:\\\/\\\/hottaadvocacia.com\\\/pt-br\\\/\"},{\"@type\":\"ListItem\",\"position\":2,\"name\":\"ODS 16 e Justi\u00e7a Socioambiental no Brasil: um enfoque na participa\u00e7\u00e3o e acesso \u00e0 justi\u00e7a da sociedade civil e dos mais vulner\u00e1veis\"}]},{\"@type\":\"WebSite\",\"@id\":\"https:\\\/\\\/hottaadvocacia.com\\\/pt-br\\\/#website\",\"url\":\"https:\\\/\\\/hottaadvocacia.com\\\/pt-br\\\/\",\"name\":\"Hotta Advocacia\",\"description\":\"Justice First\",\"publisher\":{\"@id\":\"https:\\\/\\\/hottaadvocacia.com\\\/pt-br\\\/#organization\"},\"potentialAction\":[{\"@type\":\"SearchAction\",\"target\":{\"@type\":\"EntryPoint\",\"urlTemplate\":\"https:\\\/\\\/hottaadvocacia.com\\\/pt-br\\\/?s={search_term_string}\"},\"query-input\":{\"@type\":\"PropertyValueSpecification\",\"valueRequired\":true,\"valueName\":\"search_term_string\"}}],\"inLanguage\":\"pt-BR\"},{\"@type\":\"Organization\",\"@id\":\"https:\\\/\\\/hottaadvocacia.com\\\/pt-br\\\/#organization\",\"name\":\"Hotta Advocacia\",\"url\":\"https:\\\/\\\/hottaadvocacia.com\\\/pt-br\\\/\",\"logo\":{\"@type\":\"ImageObject\",\"inLanguage\":\"pt-BR\",\"@id\":\"https:\\\/\\\/hottaadvocacia.com\\\/pt-br\\\/#\\\/schema\\\/logo\\\/image\\\/\",\"url\":\"https:\\\/\\\/hottaadvocacia.com\\\/wp-content\\\/uploads\\\/2023\\\/03\\\/HA-logo-1.png\",\"contentUrl\":\"https:\\\/\\\/hottaadvocacia.com\\\/wp-content\\\/uploads\\\/2023\\\/03\\\/HA-logo-1.png\",\"width\":897,\"height\":350,\"caption\":\"Hotta Advocacia\"},\"image\":{\"@id\":\"https:\\\/\\\/hottaadvocacia.com\\\/pt-br\\\/#\\\/schema\\\/logo\\\/image\\\/\"}}]}<\/script>\n<!-- \/ Yoast SEO Premium plugin. -->","yoast_head_json":{"title":"ODS 16 e Justi\u00e7a Socioambiental no Brasil: um enfoque na participa\u00e7\u00e3o e acesso \u00e0 justi\u00e7a da sociedade civil e dos mais vulner\u00e1veis - Hotta Advocacia","description":"O Objetivo de Desenvolvimento Sustent\u00e1vel (ODS) 16, \u201cPaz, Justi\u00e7a e Institui\u00e7\u00f5es Eficazes\u2019\u2019 trata de tem\u00e1ticas basilares e indispens\u00e1veis para o pr\u00f3prio funcionamento do Estado Democr\u00e1tico de Direito, e portanto, trata-se de ODS fundamental a todos os demais. Em outras palavras, sem ele n\u00e3o teremos a frui\u00e7\u00e3o efetiva de nenhum dos ODS. Ao falar de Estado Ecol\u00f3gico de Direito e justi\u00e7a socioambiental, frisamos as metas 16.3, 16.6 e 16.7.","robots":{"index":"index","follow":"follow","max-snippet":"max-snippet:-1","max-image-preview":"max-image-preview:large","max-video-preview":"max-video-preview:-1"},"canonical":"https:\/\/hottaadvocacia.com\/pt-br\/articles\/ods-16-e-justica-socioambiental\/","og_locale":"pt_BR","og_type":"article","og_title":"ODS 16 e Justi\u00e7a Socioambiental no Brasil: um enfoque na participa\u00e7\u00e3o e acesso \u00e0 justi\u00e7a da sociedade civil e dos mais vulner\u00e1veis","og_description":"O Objetivo de Desenvolvimento Sustent\u00e1vel (ODS) 16, \u201cPaz, Justi\u00e7a e Institui\u00e7\u00f5es Eficazes\u2019\u2019 trata de tem\u00e1ticas basilares e indispens\u00e1veis para o pr\u00f3prio funcionamento do Estado Democr\u00e1tico de Direito, e portanto, trata-se de ODS fundamental a todos os demais. Em outras palavras, sem ele n\u00e3o teremos a frui\u00e7\u00e3o efetiva de nenhum dos ODS. Ao falar de Estado Ecol\u00f3gico de Direito e justi\u00e7a socioambiental, frisamos as metas 16.3, 16.6 e 16.7.","og_url":"https:\/\/hottaadvocacia.com\/pt-br\/articles\/ods-16-e-justica-socioambiental\/","og_site_name":"Hotta Advocacia","article_modified_time":"2024-01-25T16:57:04+00:00","og_image":[{"width":901,"height":562,"url":"https:\/\/hottaadvocacia.com\/wp-content\/uploads\/2024\/01\/Capture5.jpg","type":"image\/jpeg"}],"twitter_card":"summary_large_image","twitter_misc":{"Est. tempo de leitura":"3 minutos"},"schema":{"@context":"https:\/\/schema.org","@graph":[{"@type":"WebPage","@id":"https:\/\/hottaadvocacia.com\/pt-br\/articles\/ods-16-e-justica-socioambiental\/","url":"https:\/\/hottaadvocacia.com\/pt-br\/articles\/ods-16-e-justica-socioambiental\/","name":"ODS 16 e Justi\u00e7a Socioambiental no Brasil: um enfoque na participa\u00e7\u00e3o e acesso \u00e0 justi\u00e7a da sociedade civil e dos mais vulner\u00e1veis - Hotta Advocacia","isPartOf":{"@id":"https:\/\/hottaadvocacia.com\/pt-br\/#website"},"primaryImageOfPage":{"@id":"https:\/\/hottaadvocacia.com\/pt-br\/articles\/ods-16-e-justica-socioambiental\/#primaryimage"},"image":{"@id":"https:\/\/hottaadvocacia.com\/pt-br\/articles\/ods-16-e-justica-socioambiental\/#primaryimage"},"thumbnailUrl":"https:\/\/hottaadvocacia.com\/wp-content\/uploads\/2024\/01\/Capture5.jpg","datePublished":"2024-01-25T14:50:16+00:00","dateModified":"2024-01-25T16:57:04+00:00","description":"O Objetivo de Desenvolvimento Sustent\u00e1vel (ODS) 16, \u201cPaz, Justi\u00e7a e Institui\u00e7\u00f5es Eficazes\u2019\u2019 trata de tem\u00e1ticas basilares e indispens\u00e1veis para o pr\u00f3prio funcionamento do Estado Democr\u00e1tico de Direito, e portanto, trata-se de ODS fundamental a todos os demais. Em outras palavras, sem ele n\u00e3o teremos a frui\u00e7\u00e3o efetiva de nenhum dos ODS. Ao falar de Estado Ecol\u00f3gico de Direito e justi\u00e7a socioambiental, frisamos as metas 16.3, 16.6 e 16.7.","breadcrumb":{"@id":"https:\/\/hottaadvocacia.com\/pt-br\/articles\/ods-16-e-justica-socioambiental\/#breadcrumb"},"inLanguage":"pt-BR","potentialAction":[{"@type":"ReadAction","target":["https:\/\/hottaadvocacia.com\/pt-br\/articles\/ods-16-e-justica-socioambiental\/"]}]},{"@type":"ImageObject","inLanguage":"pt-BR","@id":"https:\/\/hottaadvocacia.com\/pt-br\/articles\/ods-16-e-justica-socioambiental\/#primaryimage","url":"https:\/\/hottaadvocacia.com\/wp-content\/uploads\/2024\/01\/Capture5.jpg","contentUrl":"https:\/\/hottaadvocacia.com\/wp-content\/uploads\/2024\/01\/Capture5.jpg","width":901,"height":562},{"@type":"BreadcrumbList","@id":"https:\/\/hottaadvocacia.com\/pt-br\/articles\/ods-16-e-justica-socioambiental\/#breadcrumb","itemListElement":[{"@type":"ListItem","position":1,"name":"Home","item":"https:\/\/hottaadvocacia.com\/pt-br\/"},{"@type":"ListItem","position":2,"name":"ODS 16 e Justi\u00e7a Socioambiental no Brasil: um enfoque na participa\u00e7\u00e3o e acesso \u00e0 justi\u00e7a da sociedade civil e dos mais vulner\u00e1veis"}]},{"@type":"WebSite","@id":"https:\/\/hottaadvocacia.com\/pt-br\/#website","url":"https:\/\/hottaadvocacia.com\/pt-br\/","name":"Hotta Advocacia","description":"Justice First","publisher":{"@id":"https:\/\/hottaadvocacia.com\/pt-br\/#organization"},"potentialAction":[{"@type":"SearchAction","target":{"@type":"EntryPoint","urlTemplate":"https:\/\/hottaadvocacia.com\/pt-br\/?s={search_term_string}"},"query-input":{"@type":"PropertyValueSpecification","valueRequired":true,"valueName":"search_term_string"}}],"inLanguage":"pt-BR"},{"@type":"Organization","@id":"https:\/\/hottaadvocacia.com\/pt-br\/#organization","name":"Hotta Advocacia","url":"https:\/\/hottaadvocacia.com\/pt-br\/","logo":{"@type":"ImageObject","inLanguage":"pt-BR","@id":"https:\/\/hottaadvocacia.com\/pt-br\/#\/schema\/logo\/image\/","url":"https:\/\/hottaadvocacia.com\/wp-content\/uploads\/2023\/03\/HA-logo-1.png","contentUrl":"https:\/\/hottaadvocacia.com\/wp-content\/uploads\/2023\/03\/HA-logo-1.png","width":897,"height":350,"caption":"Hotta Advocacia"},"image":{"@id":"https:\/\/hottaadvocacia.com\/pt-br\/#\/schema\/logo\/image\/"}}]}},"_links":{"self":[{"href":"https:\/\/hottaadvocacia.com\/pt-br\/wp-json\/wp\/v2\/articles\/13303","targetHints":{"allow":["GET"]}}],"collection":[{"href":"https:\/\/hottaadvocacia.com\/pt-br\/wp-json\/wp\/v2\/articles"}],"about":[{"href":"https:\/\/hottaadvocacia.com\/pt-br\/wp-json\/wp\/v2\/types\/articles"}],"version-history":[{"count":0,"href":"https:\/\/hottaadvocacia.com\/pt-br\/wp-json\/wp\/v2\/articles\/13303\/revisions"}],"wp:featuredmedia":[{"embeddable":true,"href":"https:\/\/hottaadvocacia.com\/pt-br\/wp-json\/wp\/v2\/media\/13307"}],"wp:attachment":[{"href":"https:\/\/hottaadvocacia.com\/pt-br\/wp-json\/wp\/v2\/media?parent=13303"}],"wp:term":[{"taxonomy":"article_categories","embeddable":true,"href":"https:\/\/hottaadvocacia.com\/pt-br\/wp-json\/wp\/v2\/article_categories?post=13303"}],"curies":[{"name":"wp","href":"https:\/\/api.w.org\/{rel}","templated":true}]}}