{"id":13316,"date":"2024-01-25T17:19:31","date_gmt":"2024-01-25T17:19:31","guid":{"rendered":"https:\/\/hottaadvocacia.com\/?post_type=articles&#038;p=13316"},"modified":"2024-02-13T12:38:54","modified_gmt":"2024-02-13T12:38:54","slug":"a-efetividade-do-acordo-de-paris-frente-ao-acordo","status":"publish","type":"articles","link":"https:\/\/hottaadvocacia.com\/pt-br\/articles\/a-efetividade-do-acordo-de-paris-frente-ao-acordo\/","title":{"rendered":"A Efetividade do Acordo de Paris Frente ao Acordo de Livre-Com\u00e9rcio do Mercosul e Uni\u00e3o Europeia"},"content":{"rendered":"\n<p>Com o aumento do n\u00famero de queimadas na Floresta Amaz\u00f4nica e os elevados n\u00edveis de polui\u00e7\u00e3o, alguns pa\u00edses europeus visam a vetar o Acordo Comercial entre o Mercosul e a Uni\u00e3o Europeia, pressionando o Brasil a adotar medidas eficazes contra a destrui\u00e7\u00e3o do meio ambiente. Desta maneira, o presente artigo objetiva esclarecer a rela\u00e7\u00e3o do cumprimento do Acordo de Paris e a aplica\u00e7\u00e3o de san\u00e7\u00f5es comerciais como forma de estimular o desenvolvimento das rela\u00e7\u00f5es comerciais, no cen\u00e1rio internacional, observando o princ\u00edpio do desenvolvimento sustent\u00e1vel. Al\u00e9m disso, faz-se necess\u00e1rio analisar a interdepend\u00eancia entre o Acordo Constitutivo da Organiza\u00e7\u00e3o Mundial do Com\u00e9rcio (OMC), o cap\u00edtulo sobre com\u00e9rcio e desenvolvimento sustent\u00e1vel, presente no Acordo Mercosul-UE e o Acordo de Paris, tendo em vista que a estimula\u00e7\u00e3o do desenvolvimento sustent\u00e1vel e a preserva\u00e7\u00e3o do meio ambiente s\u00e3o considerados cruciais para o crescimento econ\u00f4mico de um pa\u00eds.<\/p>\n\n\n\n<p>Autores:<a href=\"https:\/\/hottaadvocacia.com\/team-members\/julia-nardi-de-araujo\/\"> Julia Nardi de Araujo<\/a> e Katherine Macarroni Abbade<\/p>\n\n\n\n<p>Acesse o conte\u00fado completo <a href=\"https:\/\/periodicos.fgv.br\/rpdue\/article\/view\/83422\/79191\">aqui<\/a>.<\/p>\n\n\n\n<div class=\"gs-containeer gs-single-container gs-single-default\">\n\t\n\t<div class=\"gs_team\" id=\"gs_team_single\">\n\n\t\t\n\t<\/div>\n    \n<\/div>","protected":false},"featured_media":13317,"menu_order":0,"template":"","format":"standard","meta":{"_acf_changed":false,"footnotes":""},"article_categories":[],"class_list":["post-13316","articles","type-articles","status-publish","format-standard","has-post-thumbnail","hentry","description-off"],"acf":[],"yoast_head":"<!-- This site is optimized with the Yoast SEO Premium plugin v26.2 (Yoast SEO v27.5) - https:\/\/yoast.com\/product\/yoast-seo-premium-wordpress\/ -->\n<title>A Efetividade do Acordo de Paris Frente ao Acordo de Livre-Com\u00e9rcio do Mercosul e Uni\u00e3o Europeia - Hotta Advocacia<\/title>\n<meta name=\"description\" content=\"Com o aumento do n\u00famero de queimadas na Floresta Amaz\u00f4nica e os elevados n\u00edveis de polui\u00e7\u00e3o, alguns pa\u00edses europeus visam a vetar o Acordo Comercial entre o Mercosul e a Uni\u00e3o Europeia, pressionando o Brasil a adotar medidas eficazes contra a destrui\u00e7\u00e3o do meio ambiente.\" \/>\n<meta name=\"robots\" content=\"index, follow, max-snippet:-1, max-image-preview:large, max-video-preview:-1\" \/>\n<link rel=\"canonical\" href=\"https:\/\/hottaadvocacia.com\/pt-br\/articles\/a-efetividade-do-acordo-de-paris-frente-ao-acordo\/\" \/>\n<meta property=\"og:locale\" content=\"pt_BR\" \/>\n<meta property=\"og:type\" content=\"article\" \/>\n<meta property=\"og:title\" content=\"A Efetividade do Acordo de Paris Frente ao Acordo de Livre-Com\u00e9rcio do Mercosul e Uni\u00e3o Europeia\" \/>\n<meta property=\"og:description\" content=\"Com o aumento do n\u00famero de queimadas na Floresta Amaz\u00f4nica e os elevados n\u00edveis de polui\u00e7\u00e3o, alguns pa\u00edses europeus visam a vetar o Acordo Comercial entre o Mercosul e a Uni\u00e3o Europeia, pressionando o Brasil a adotar medidas eficazes contra a destrui\u00e7\u00e3o do meio ambiente.\" \/>\n<meta property=\"og:url\" content=\"https:\/\/hottaadvocacia.com\/pt-br\/articles\/a-efetividade-do-acordo-de-paris-frente-ao-acordo\/\" \/>\n<meta property=\"og:site_name\" content=\"Hotta Advocacia\" \/>\n<meta property=\"article:modified_time\" content=\"2024-02-13T12:38:54+00:00\" \/>\n<meta property=\"og:image\" content=\"https:\/\/hottaadvocacia.com\/wp-content\/uploads\/2024\/01\/Capture8.jpg\" \/>\n\t<meta property=\"og:image:width\" content=\"685\" \/>\n\t<meta property=\"og:image:height\" content=\"402\" \/>\n\t<meta property=\"og:image:type\" content=\"image\/jpeg\" \/>\n<meta name=\"twitter:card\" content=\"summary_large_image\" \/>\n<meta name=\"twitter:label1\" content=\"Est. tempo de leitura\" \/>\n\t<meta name=\"twitter:data1\" content=\"1 minuto\" \/>\n<script type=\"application\/ld+json\" class=\"yoast-schema-graph\">{\"@context\":\"https:\\\/\\\/schema.org\",\"@graph\":[{\"@type\":\"WebPage\",\"@id\":\"https:\\\/\\\/hottaadvocacia.com\\\/pt-br\\\/articles\\\/a-efetividade-do-acordo-de-paris-frente-ao-acordo\\\/\",\"url\":\"https:\\\/\\\/hottaadvocacia.com\\\/pt-br\\\/articles\\\/a-efetividade-do-acordo-de-paris-frente-ao-acordo\\\/\",\"name\":\"A Efetividade do Acordo de Paris Frente ao Acordo de Livre-Com\u00e9rcio do Mercosul e Uni\u00e3o Europeia - Hotta Advocacia\",\"isPartOf\":{\"@id\":\"https:\\\/\\\/hottaadvocacia.com\\\/pt-br\\\/#website\"},\"primaryImageOfPage\":{\"@id\":\"https:\\\/\\\/hottaadvocacia.com\\\/pt-br\\\/articles\\\/a-efetividade-do-acordo-de-paris-frente-ao-acordo\\\/#primaryimage\"},\"image\":{\"@id\":\"https:\\\/\\\/hottaadvocacia.com\\\/pt-br\\\/articles\\\/a-efetividade-do-acordo-de-paris-frente-ao-acordo\\\/#primaryimage\"},\"thumbnailUrl\":\"https:\\\/\\\/hottaadvocacia.com\\\/wp-content\\\/uploads\\\/2024\\\/01\\\/Capture8.jpg\",\"datePublished\":\"2024-01-25T17:19:31+00:00\",\"dateModified\":\"2024-02-13T12:38:54+00:00\",\"description\":\"Com o aumento do n\u00famero de queimadas na Floresta Amaz\u00f4nica e os elevados n\u00edveis de polui\u00e7\u00e3o, alguns pa\u00edses europeus visam a vetar o Acordo Comercial entre o Mercosul e a Uni\u00e3o Europeia, pressionando o Brasil a adotar medidas eficazes contra a destrui\u00e7\u00e3o do meio ambiente.\",\"breadcrumb\":{\"@id\":\"https:\\\/\\\/hottaadvocacia.com\\\/pt-br\\\/articles\\\/a-efetividade-do-acordo-de-paris-frente-ao-acordo\\\/#breadcrumb\"},\"inLanguage\":\"pt-BR\",\"potentialAction\":[{\"@type\":\"ReadAction\",\"target\":[\"https:\\\/\\\/hottaadvocacia.com\\\/pt-br\\\/articles\\\/a-efetividade-do-acordo-de-paris-frente-ao-acordo\\\/\"]}]},{\"@type\":\"ImageObject\",\"inLanguage\":\"pt-BR\",\"@id\":\"https:\\\/\\\/hottaadvocacia.com\\\/pt-br\\\/articles\\\/a-efetividade-do-acordo-de-paris-frente-ao-acordo\\\/#primaryimage\",\"url\":\"https:\\\/\\\/hottaadvocacia.com\\\/wp-content\\\/uploads\\\/2024\\\/01\\\/Capture8.jpg\",\"contentUrl\":\"https:\\\/\\\/hottaadvocacia.com\\\/wp-content\\\/uploads\\\/2024\\\/01\\\/Capture8.jpg\",\"width\":685,\"height\":402},{\"@type\":\"BreadcrumbList\",\"@id\":\"https:\\\/\\\/hottaadvocacia.com\\\/pt-br\\\/articles\\\/a-efetividade-do-acordo-de-paris-frente-ao-acordo\\\/#breadcrumb\",\"itemListElement\":[{\"@type\":\"ListItem\",\"position\":1,\"name\":\"Home\",\"item\":\"https:\\\/\\\/hottaadvocacia.com\\\/pt-br\\\/\"},{\"@type\":\"ListItem\",\"position\":2,\"name\":\"A Efetividade do Acordo de Paris Frente ao Acordo de Livre-Com\u00e9rcio do Mercosul e Uni\u00e3o Europeia\"}]},{\"@type\":\"WebSite\",\"@id\":\"https:\\\/\\\/hottaadvocacia.com\\\/pt-br\\\/#website\",\"url\":\"https:\\\/\\\/hottaadvocacia.com\\\/pt-br\\\/\",\"name\":\"Hotta Advocacia\",\"description\":\"Justice First\",\"publisher\":{\"@id\":\"https:\\\/\\\/hottaadvocacia.com\\\/pt-br\\\/#organization\"},\"potentialAction\":[{\"@type\":\"SearchAction\",\"target\":{\"@type\":\"EntryPoint\",\"urlTemplate\":\"https:\\\/\\\/hottaadvocacia.com\\\/pt-br\\\/?s={search_term_string}\"},\"query-input\":{\"@type\":\"PropertyValueSpecification\",\"valueRequired\":true,\"valueName\":\"search_term_string\"}}],\"inLanguage\":\"pt-BR\"},{\"@type\":\"Organization\",\"@id\":\"https:\\\/\\\/hottaadvocacia.com\\\/pt-br\\\/#organization\",\"name\":\"Hotta Advocacia\",\"url\":\"https:\\\/\\\/hottaadvocacia.com\\\/pt-br\\\/\",\"logo\":{\"@type\":\"ImageObject\",\"inLanguage\":\"pt-BR\",\"@id\":\"https:\\\/\\\/hottaadvocacia.com\\\/pt-br\\\/#\\\/schema\\\/logo\\\/image\\\/\",\"url\":\"https:\\\/\\\/hottaadvocacia.com\\\/wp-content\\\/uploads\\\/2023\\\/03\\\/HA-logo-1.png\",\"contentUrl\":\"https:\\\/\\\/hottaadvocacia.com\\\/wp-content\\\/uploads\\\/2023\\\/03\\\/HA-logo-1.png\",\"width\":897,\"height\":350,\"caption\":\"Hotta Advocacia\"},\"image\":{\"@id\":\"https:\\\/\\\/hottaadvocacia.com\\\/pt-br\\\/#\\\/schema\\\/logo\\\/image\\\/\"}}]}<\/script>\n<!-- \/ Yoast SEO Premium plugin. -->","yoast_head_json":{"title":"A Efetividade do Acordo de Paris Frente ao Acordo de Livre-Com\u00e9rcio do Mercosul e Uni\u00e3o Europeia - Hotta Advocacia","description":"Com o aumento do n\u00famero de queimadas na Floresta Amaz\u00f4nica e os elevados n\u00edveis de polui\u00e7\u00e3o, alguns pa\u00edses europeus visam a vetar o Acordo Comercial entre o Mercosul e a Uni\u00e3o Europeia, pressionando o Brasil a adotar medidas eficazes contra a destrui\u00e7\u00e3o do meio ambiente.","robots":{"index":"index","follow":"follow","max-snippet":"max-snippet:-1","max-image-preview":"max-image-preview:large","max-video-preview":"max-video-preview:-1"},"canonical":"https:\/\/hottaadvocacia.com\/pt-br\/articles\/a-efetividade-do-acordo-de-paris-frente-ao-acordo\/","og_locale":"pt_BR","og_type":"article","og_title":"A Efetividade do Acordo de Paris Frente ao Acordo de Livre-Com\u00e9rcio do Mercosul e Uni\u00e3o Europeia","og_description":"Com o aumento do n\u00famero de queimadas na Floresta Amaz\u00f4nica e os elevados n\u00edveis de polui\u00e7\u00e3o, alguns pa\u00edses europeus visam a vetar o Acordo Comercial entre o Mercosul e a Uni\u00e3o Europeia, pressionando o Brasil a adotar medidas eficazes contra a destrui\u00e7\u00e3o do meio ambiente.","og_url":"https:\/\/hottaadvocacia.com\/pt-br\/articles\/a-efetividade-do-acordo-de-paris-frente-ao-acordo\/","og_site_name":"Hotta Advocacia","article_modified_time":"2024-02-13T12:38:54+00:00","og_image":[{"width":685,"height":402,"url":"https:\/\/hottaadvocacia.com\/wp-content\/uploads\/2024\/01\/Capture8.jpg","type":"image\/jpeg"}],"twitter_card":"summary_large_image","twitter_misc":{"Est. tempo de leitura":"1 minuto"},"schema":{"@context":"https:\/\/schema.org","@graph":[{"@type":"WebPage","@id":"https:\/\/hottaadvocacia.com\/pt-br\/articles\/a-efetividade-do-acordo-de-paris-frente-ao-acordo\/","url":"https:\/\/hottaadvocacia.com\/pt-br\/articles\/a-efetividade-do-acordo-de-paris-frente-ao-acordo\/","name":"A Efetividade do Acordo de Paris Frente ao Acordo de Livre-Com\u00e9rcio do Mercosul e Uni\u00e3o Europeia - Hotta Advocacia","isPartOf":{"@id":"https:\/\/hottaadvocacia.com\/pt-br\/#website"},"primaryImageOfPage":{"@id":"https:\/\/hottaadvocacia.com\/pt-br\/articles\/a-efetividade-do-acordo-de-paris-frente-ao-acordo\/#primaryimage"},"image":{"@id":"https:\/\/hottaadvocacia.com\/pt-br\/articles\/a-efetividade-do-acordo-de-paris-frente-ao-acordo\/#primaryimage"},"thumbnailUrl":"https:\/\/hottaadvocacia.com\/wp-content\/uploads\/2024\/01\/Capture8.jpg","datePublished":"2024-01-25T17:19:31+00:00","dateModified":"2024-02-13T12:38:54+00:00","description":"Com o aumento do n\u00famero de queimadas na Floresta Amaz\u00f4nica e os elevados n\u00edveis de polui\u00e7\u00e3o, alguns pa\u00edses europeus visam a vetar o Acordo Comercial entre o Mercosul e a Uni\u00e3o Europeia, pressionando o Brasil a adotar medidas eficazes contra a destrui\u00e7\u00e3o do meio ambiente.","breadcrumb":{"@id":"https:\/\/hottaadvocacia.com\/pt-br\/articles\/a-efetividade-do-acordo-de-paris-frente-ao-acordo\/#breadcrumb"},"inLanguage":"pt-BR","potentialAction":[{"@type":"ReadAction","target":["https:\/\/hottaadvocacia.com\/pt-br\/articles\/a-efetividade-do-acordo-de-paris-frente-ao-acordo\/"]}]},{"@type":"ImageObject","inLanguage":"pt-BR","@id":"https:\/\/hottaadvocacia.com\/pt-br\/articles\/a-efetividade-do-acordo-de-paris-frente-ao-acordo\/#primaryimage","url":"https:\/\/hottaadvocacia.com\/wp-content\/uploads\/2024\/01\/Capture8.jpg","contentUrl":"https:\/\/hottaadvocacia.com\/wp-content\/uploads\/2024\/01\/Capture8.jpg","width":685,"height":402},{"@type":"BreadcrumbList","@id":"https:\/\/hottaadvocacia.com\/pt-br\/articles\/a-efetividade-do-acordo-de-paris-frente-ao-acordo\/#breadcrumb","itemListElement":[{"@type":"ListItem","position":1,"name":"Home","item":"https:\/\/hottaadvocacia.com\/pt-br\/"},{"@type":"ListItem","position":2,"name":"A Efetividade do Acordo de Paris Frente ao Acordo de Livre-Com\u00e9rcio do Mercosul e Uni\u00e3o Europeia"}]},{"@type":"WebSite","@id":"https:\/\/hottaadvocacia.com\/pt-br\/#website","url":"https:\/\/hottaadvocacia.com\/pt-br\/","name":"Hotta Advocacia","description":"Justice First","publisher":{"@id":"https:\/\/hottaadvocacia.com\/pt-br\/#organization"},"potentialAction":[{"@type":"SearchAction","target":{"@type":"EntryPoint","urlTemplate":"https:\/\/hottaadvocacia.com\/pt-br\/?s={search_term_string}"},"query-input":{"@type":"PropertyValueSpecification","valueRequired":true,"valueName":"search_term_string"}}],"inLanguage":"pt-BR"},{"@type":"Organization","@id":"https:\/\/hottaadvocacia.com\/pt-br\/#organization","name":"Hotta Advocacia","url":"https:\/\/hottaadvocacia.com\/pt-br\/","logo":{"@type":"ImageObject","inLanguage":"pt-BR","@id":"https:\/\/hottaadvocacia.com\/pt-br\/#\/schema\/logo\/image\/","url":"https:\/\/hottaadvocacia.com\/wp-content\/uploads\/2023\/03\/HA-logo-1.png","contentUrl":"https:\/\/hottaadvocacia.com\/wp-content\/uploads\/2023\/03\/HA-logo-1.png","width":897,"height":350,"caption":"Hotta Advocacia"},"image":{"@id":"https:\/\/hottaadvocacia.com\/pt-br\/#\/schema\/logo\/image\/"}}]}},"_links":{"self":[{"href":"https:\/\/hottaadvocacia.com\/pt-br\/wp-json\/wp\/v2\/articles\/13316","targetHints":{"allow":["GET"]}}],"collection":[{"href":"https:\/\/hottaadvocacia.com\/pt-br\/wp-json\/wp\/v2\/articles"}],"about":[{"href":"https:\/\/hottaadvocacia.com\/pt-br\/wp-json\/wp\/v2\/types\/articles"}],"version-history":[{"count":0,"href":"https:\/\/hottaadvocacia.com\/pt-br\/wp-json\/wp\/v2\/articles\/13316\/revisions"}],"wp:featuredmedia":[{"embeddable":true,"href":"https:\/\/hottaadvocacia.com\/pt-br\/wp-json\/wp\/v2\/media\/13317"}],"wp:attachment":[{"href":"https:\/\/hottaadvocacia.com\/pt-br\/wp-json\/wp\/v2\/media?parent=13316"}],"wp:term":[{"taxonomy":"article_categories","embeddable":true,"href":"https:\/\/hottaadvocacia.com\/pt-br\/wp-json\/wp\/v2\/article_categories?post=13316"}],"curies":[{"name":"wp","href":"https:\/\/api.w.org\/{rel}","templated":true}]}}