{"id":13228,"date":"2024-01-16T13:06:53","date_gmt":"2024-01-16T13:06:53","guid":{"rendered":"https:\/\/hottaadvocacia.com\/?post_type=press&#038;p=13228"},"modified":"2024-01-24T16:43:24","modified_gmt":"2024-01-24T16:43:24","slug":"dia-povos-indigenas-aldeia-katurama","status":"publish","type":"press","link":"https:\/\/hottaadvocacia.com\/pt-br\/press\/dia-povos-indigenas-aldeia-katurama\/","title":{"rendered":"Dia dos Povos Ind\u00edgenas \u00e9 celebrado na Aldeia Katur\u00e3ma, em S\u00e3o Joaquim de Bicas"},"content":{"rendered":"\n<p>Em comemora\u00e7\u00e3o ao Dia dos Povos Ind\u00edgenas, celebrado nesta quarta-feira (19), os povos Patax\u00f3 e Patax\u00f3 Ha-h\u00e3-h\u00e3e realizam os 1\u00ba Jogos Infanto-Juvenis da Aldeia Katur\u00e3ma, na Mata do Japon\u00eas, em S\u00e3o Joaquim de Bicas.<\/p>\n\n\n\n<p>Al\u00e9m disso, a programa\u00e7\u00e3o contou com atividades recreativas ao longo de todo o dia, como rituais, apresenta\u00e7\u00e3o da culin\u00e1ria t\u00edpica e artesanatos, al\u00e9m de modalidades esportivas com participa\u00e7\u00e3o das crian\u00e7as e adolescentes da aldeia, com o objetivo difundir a rica cultura dos povos origin\u00e1rios do pa\u00eds.<\/p>\n\n\n\n<p>Para al\u00e9m da comemora\u00e7\u00e3o, a Cacica Angoho ressalta a import\u00e2ncia de aproveitar a data para fortalecer a luta pela garantia de direitos fundamentais dos povos ind\u00edgenas.<\/p>\n\n\n\n<p>\u201cO dia 19 de abril \u00e9 para n\u00f3s um dia de luta e usado para gerar visibilidade para as nossas causas. Estamos h\u00e1 s\u00e9culos lutando pela demarca\u00e7\u00e3o de terras e enfrentando explora\u00e7\u00e3o e exterm\u00ednio\u201d, ressalta. \u201cPor isso nos reapropriamos dessa data que antes carregava estere\u00f3tipos. Vamos compartilhar a nossa ancestralidade com vizinhos, amigos e apoiadores e faremos um encontro bonito e de muita for\u00e7a\u201d, completa.<\/p>\n\n\n\n<p>O evento contou com a presen\u00e7a do escrit\u00f3rio internacional de advocacia Pogust Goodhead, que representa os atingidos pelos desastres de Mariana e Brumadinho \u2013 incluindo comunidades ind\u00edgenas \u2013 em processos contra as empresas respons\u00e1veis na Inglaterra, e mant\u00e9m uma colabora\u00e7\u00e3o institucional no Brasil com o escrit\u00f3rio local Hotta Advocacia.<\/p>\n\n\n\n<p>\u201cAl\u00e9m de reconhecer que os povos ind\u00edgenas contribu\u00edram na preserva\u00e7\u00e3o de conhecimentos ancestrais e na prote\u00e7\u00e3o do meio ambiente, acreditamos que a sociedade est\u00e1 somando for\u00e7as nessa luta. Abril \u00e9 m\u00eas de resist\u00eancia em defesa dos direitos, da cultura e da ancestralidade ind\u00edgenas\u201d, enfatiza Felipe Hotta, s\u00f3cio do Hotta Advocacia e mestre em Direito Ambiental.<\/p>\n\n\n\n<p><em>Esta mat\u00e9ria foi <a href=\"https:\/\/portalagita.com.br\/dia-dos-povos-indigenas-e-celebrado-na-aldeia-katurama-em-sao-joaquim-de-bicas\/\">publicada originalmente no portal Agita<\/a>.<\/em><\/p>\n","protected":false},"featured_media":12117,"template":"","press_categories":[],"class_list":["post-13228","press","type-press","status-publish","has-post-thumbnail","hentry","description-off"],"acf":[],"yoast_head":"<!-- This site is optimized with the Yoast SEO Premium plugin v26.2 (Yoast SEO v27.5) - https:\/\/yoast.com\/product\/yoast-seo-premium-wordpress\/ -->\n<title>Dia dos Povos Ind\u00edgenas \u00e9 celebrado na Aldeia Katur\u00e3ma, em S\u00e3o Joaquim de Bicas - Hotta Advocacia<\/title>\n<meta name=\"description\" content=\"Em comemora\u00e7\u00e3o ao Dia dos Povos Ind\u00edgenas, os povos Patax\u00f3 e Patax\u00f3 Ha-h\u00e3-h\u00e3e realizam os 1\u00ba Jogos Infanto-Juvenis da Aldeia Katur\u00e3ma.\" \/>\n<meta name=\"robots\" content=\"index, follow, max-snippet:-1, max-image-preview:large, max-video-preview:-1\" \/>\n<link rel=\"canonical\" href=\"https:\/\/hottaadvocacia.com\/pt-br\/press\/dia-povos-indigenas-aldeia-katurama\/\" \/>\n<meta property=\"og:locale\" content=\"pt_BR\" \/>\n<meta property=\"og:type\" content=\"article\" \/>\n<meta property=\"og:title\" content=\"Dia dos Povos Ind\u00edgenas \u00e9 celebrado na Aldeia Katur\u00e3ma, em S\u00e3o Joaquim de Bicas\" \/>\n<meta property=\"og:description\" content=\"Em comemora\u00e7\u00e3o ao Dia dos Povos Ind\u00edgenas, os povos Patax\u00f3 e Patax\u00f3 Ha-h\u00e3-h\u00e3e realizam os 1\u00ba Jogos Infanto-Juvenis da Aldeia Katur\u00e3ma.\" \/>\n<meta property=\"og:url\" content=\"https:\/\/hottaadvocacia.com\/pt-br\/press\/dia-povos-indigenas-aldeia-katurama\/\" \/>\n<meta property=\"og:site_name\" content=\"Hotta Advocacia\" \/>\n<meta property=\"article:modified_time\" content=\"2024-01-24T16:43:24+00:00\" \/>\n<meta property=\"og:image\" content=\"https:\/\/hottaadvocacia.com\/wp-content\/uploads\/2023\/03\/Untitled-design-36.png\" \/>\n\t<meta property=\"og:image:width\" content=\"624\" \/>\n\t<meta property=\"og:image:height\" content=\"649\" \/>\n\t<meta property=\"og:image:type\" content=\"image\/png\" \/>\n<meta name=\"twitter:card\" content=\"summary_large_image\" \/>\n<meta name=\"twitter:label1\" content=\"Est. tempo de leitura\" \/>\n\t<meta name=\"twitter:data1\" content=\"2 minutos\" \/>\n<script type=\"application\/ld+json\" class=\"yoast-schema-graph\">{\"@context\":\"https:\\\/\\\/schema.org\",\"@graph\":[{\"@type\":\"WebPage\",\"@id\":\"https:\\\/\\\/hottaadvocacia.com\\\/pt-br\\\/press\\\/dia-povos-indigenas-aldeia-katurama\\\/\",\"url\":\"https:\\\/\\\/hottaadvocacia.com\\\/pt-br\\\/press\\\/dia-povos-indigenas-aldeia-katurama\\\/\",\"name\":\"Dia dos Povos Ind\u00edgenas \u00e9 celebrado na Aldeia Katur\u00e3ma, em S\u00e3o Joaquim de Bicas - Hotta Advocacia\",\"isPartOf\":{\"@id\":\"https:\\\/\\\/hottaadvocacia.com\\\/pt-br\\\/#website\"},\"primaryImageOfPage\":{\"@id\":\"https:\\\/\\\/hottaadvocacia.com\\\/pt-br\\\/press\\\/dia-povos-indigenas-aldeia-katurama\\\/#primaryimage\"},\"image\":{\"@id\":\"https:\\\/\\\/hottaadvocacia.com\\\/pt-br\\\/press\\\/dia-povos-indigenas-aldeia-katurama\\\/#primaryimage\"},\"thumbnailUrl\":\"https:\\\/\\\/hottaadvocacia.com\\\/wp-content\\\/uploads\\\/2023\\\/03\\\/Untitled-design-36.png\",\"datePublished\":\"2024-01-16T13:06:53+00:00\",\"dateModified\":\"2024-01-24T16:43:24+00:00\",\"description\":\"Em comemora\u00e7\u00e3o ao Dia dos Povos Ind\u00edgenas, os povos Patax\u00f3 e Patax\u00f3 Ha-h\u00e3-h\u00e3e realizam os 1\u00ba Jogos Infanto-Juvenis da Aldeia Katur\u00e3ma.\",\"breadcrumb\":{\"@id\":\"https:\\\/\\\/hottaadvocacia.com\\\/pt-br\\\/press\\\/dia-povos-indigenas-aldeia-katurama\\\/#breadcrumb\"},\"inLanguage\":\"pt-BR\",\"potentialAction\":[{\"@type\":\"ReadAction\",\"target\":[\"https:\\\/\\\/hottaadvocacia.com\\\/pt-br\\\/press\\\/dia-povos-indigenas-aldeia-katurama\\\/\"]}]},{\"@type\":\"ImageObject\",\"inLanguage\":\"pt-BR\",\"@id\":\"https:\\\/\\\/hottaadvocacia.com\\\/pt-br\\\/press\\\/dia-povos-indigenas-aldeia-katurama\\\/#primaryimage\",\"url\":\"https:\\\/\\\/hottaadvocacia.com\\\/wp-content\\\/uploads\\\/2023\\\/03\\\/Untitled-design-36.png\",\"contentUrl\":\"https:\\\/\\\/hottaadvocacia.com\\\/wp-content\\\/uploads\\\/2023\\\/03\\\/Untitled-design-36.png\",\"width\":624,\"height\":649},{\"@type\":\"BreadcrumbList\",\"@id\":\"https:\\\/\\\/hottaadvocacia.com\\\/pt-br\\\/press\\\/dia-povos-indigenas-aldeia-katurama\\\/#breadcrumb\",\"itemListElement\":[{\"@type\":\"ListItem\",\"position\":1,\"name\":\"Home\",\"item\":\"https:\\\/\\\/hottaadvocacia.com\\\/pt-br\\\/\"},{\"@type\":\"ListItem\",\"position\":2,\"name\":\"Dia dos Povos Ind\u00edgenas \u00e9 celebrado na Aldeia Katur\u00e3ma, em S\u00e3o Joaquim de Bicas\"}]},{\"@type\":\"WebSite\",\"@id\":\"https:\\\/\\\/hottaadvocacia.com\\\/pt-br\\\/#website\",\"url\":\"https:\\\/\\\/hottaadvocacia.com\\\/pt-br\\\/\",\"name\":\"Hotta Advocacia\",\"description\":\"Justice First\",\"publisher\":{\"@id\":\"https:\\\/\\\/hottaadvocacia.com\\\/pt-br\\\/#organization\"},\"potentialAction\":[{\"@type\":\"SearchAction\",\"target\":{\"@type\":\"EntryPoint\",\"urlTemplate\":\"https:\\\/\\\/hottaadvocacia.com\\\/pt-br\\\/?s={search_term_string}\"},\"query-input\":{\"@type\":\"PropertyValueSpecification\",\"valueRequired\":true,\"valueName\":\"search_term_string\"}}],\"inLanguage\":\"pt-BR\"},{\"@type\":\"Organization\",\"@id\":\"https:\\\/\\\/hottaadvocacia.com\\\/pt-br\\\/#organization\",\"name\":\"Hotta Advocacia\",\"url\":\"https:\\\/\\\/hottaadvocacia.com\\\/pt-br\\\/\",\"logo\":{\"@type\":\"ImageObject\",\"inLanguage\":\"pt-BR\",\"@id\":\"https:\\\/\\\/hottaadvocacia.com\\\/pt-br\\\/#\\\/schema\\\/logo\\\/image\\\/\",\"url\":\"https:\\\/\\\/hottaadvocacia.com\\\/wp-content\\\/uploads\\\/2023\\\/03\\\/HA-logo-1.png\",\"contentUrl\":\"https:\\\/\\\/hottaadvocacia.com\\\/wp-content\\\/uploads\\\/2023\\\/03\\\/HA-logo-1.png\",\"width\":897,\"height\":350,\"caption\":\"Hotta Advocacia\"},\"image\":{\"@id\":\"https:\\\/\\\/hottaadvocacia.com\\\/pt-br\\\/#\\\/schema\\\/logo\\\/image\\\/\"}}]}<\/script>\n<!-- \/ Yoast SEO Premium plugin. -->","yoast_head_json":{"title":"Dia dos Povos Ind\u00edgenas \u00e9 celebrado na Aldeia Katur\u00e3ma, em S\u00e3o Joaquim de Bicas - Hotta Advocacia","description":"Em comemora\u00e7\u00e3o ao Dia dos Povos Ind\u00edgenas, os povos Patax\u00f3 e Patax\u00f3 Ha-h\u00e3-h\u00e3e realizam os 1\u00ba Jogos Infanto-Juvenis da Aldeia Katur\u00e3ma.","robots":{"index":"index","follow":"follow","max-snippet":"max-snippet:-1","max-image-preview":"max-image-preview:large","max-video-preview":"max-video-preview:-1"},"canonical":"https:\/\/hottaadvocacia.com\/pt-br\/press\/dia-povos-indigenas-aldeia-katurama\/","og_locale":"pt_BR","og_type":"article","og_title":"Dia dos Povos Ind\u00edgenas \u00e9 celebrado na Aldeia Katur\u00e3ma, em S\u00e3o Joaquim de Bicas","og_description":"Em comemora\u00e7\u00e3o ao Dia dos Povos Ind\u00edgenas, os povos Patax\u00f3 e Patax\u00f3 Ha-h\u00e3-h\u00e3e realizam os 1\u00ba Jogos Infanto-Juvenis da Aldeia Katur\u00e3ma.","og_url":"https:\/\/hottaadvocacia.com\/pt-br\/press\/dia-povos-indigenas-aldeia-katurama\/","og_site_name":"Hotta Advocacia","article_modified_time":"2024-01-24T16:43:24+00:00","og_image":[{"width":624,"height":649,"url":"https:\/\/hottaadvocacia.com\/wp-content\/uploads\/2023\/03\/Untitled-design-36.png","type":"image\/png"}],"twitter_card":"summary_large_image","twitter_misc":{"Est. tempo de leitura":"2 minutos"},"schema":{"@context":"https:\/\/schema.org","@graph":[{"@type":"WebPage","@id":"https:\/\/hottaadvocacia.com\/pt-br\/press\/dia-povos-indigenas-aldeia-katurama\/","url":"https:\/\/hottaadvocacia.com\/pt-br\/press\/dia-povos-indigenas-aldeia-katurama\/","name":"Dia dos Povos Ind\u00edgenas \u00e9 celebrado na Aldeia Katur\u00e3ma, em S\u00e3o Joaquim de Bicas - Hotta Advocacia","isPartOf":{"@id":"https:\/\/hottaadvocacia.com\/pt-br\/#website"},"primaryImageOfPage":{"@id":"https:\/\/hottaadvocacia.com\/pt-br\/press\/dia-povos-indigenas-aldeia-katurama\/#primaryimage"},"image":{"@id":"https:\/\/hottaadvocacia.com\/pt-br\/press\/dia-povos-indigenas-aldeia-katurama\/#primaryimage"},"thumbnailUrl":"https:\/\/hottaadvocacia.com\/wp-content\/uploads\/2023\/03\/Untitled-design-36.png","datePublished":"2024-01-16T13:06:53+00:00","dateModified":"2024-01-24T16:43:24+00:00","description":"Em comemora\u00e7\u00e3o ao Dia dos Povos Ind\u00edgenas, os povos Patax\u00f3 e Patax\u00f3 Ha-h\u00e3-h\u00e3e realizam os 1\u00ba Jogos Infanto-Juvenis da Aldeia Katur\u00e3ma.","breadcrumb":{"@id":"https:\/\/hottaadvocacia.com\/pt-br\/press\/dia-povos-indigenas-aldeia-katurama\/#breadcrumb"},"inLanguage":"pt-BR","potentialAction":[{"@type":"ReadAction","target":["https:\/\/hottaadvocacia.com\/pt-br\/press\/dia-povos-indigenas-aldeia-katurama\/"]}]},{"@type":"ImageObject","inLanguage":"pt-BR","@id":"https:\/\/hottaadvocacia.com\/pt-br\/press\/dia-povos-indigenas-aldeia-katurama\/#primaryimage","url":"https:\/\/hottaadvocacia.com\/wp-content\/uploads\/2023\/03\/Untitled-design-36.png","contentUrl":"https:\/\/hottaadvocacia.com\/wp-content\/uploads\/2023\/03\/Untitled-design-36.png","width":624,"height":649},{"@type":"BreadcrumbList","@id":"https:\/\/hottaadvocacia.com\/pt-br\/press\/dia-povos-indigenas-aldeia-katurama\/#breadcrumb","itemListElement":[{"@type":"ListItem","position":1,"name":"Home","item":"https:\/\/hottaadvocacia.com\/pt-br\/"},{"@type":"ListItem","position":2,"name":"Dia dos Povos Ind\u00edgenas \u00e9 celebrado na Aldeia Katur\u00e3ma, em S\u00e3o Joaquim de Bicas"}]},{"@type":"WebSite","@id":"https:\/\/hottaadvocacia.com\/pt-br\/#website","url":"https:\/\/hottaadvocacia.com\/pt-br\/","name":"Hotta Advocacia","description":"Justice First","publisher":{"@id":"https:\/\/hottaadvocacia.com\/pt-br\/#organization"},"potentialAction":[{"@type":"SearchAction","target":{"@type":"EntryPoint","urlTemplate":"https:\/\/hottaadvocacia.com\/pt-br\/?s={search_term_string}"},"query-input":{"@type":"PropertyValueSpecification","valueRequired":true,"valueName":"search_term_string"}}],"inLanguage":"pt-BR"},{"@type":"Organization","@id":"https:\/\/hottaadvocacia.com\/pt-br\/#organization","name":"Hotta Advocacia","url":"https:\/\/hottaadvocacia.com\/pt-br\/","logo":{"@type":"ImageObject","inLanguage":"pt-BR","@id":"https:\/\/hottaadvocacia.com\/pt-br\/#\/schema\/logo\/image\/","url":"https:\/\/hottaadvocacia.com\/wp-content\/uploads\/2023\/03\/HA-logo-1.png","contentUrl":"https:\/\/hottaadvocacia.com\/wp-content\/uploads\/2023\/03\/HA-logo-1.png","width":897,"height":350,"caption":"Hotta Advocacia"},"image":{"@id":"https:\/\/hottaadvocacia.com\/pt-br\/#\/schema\/logo\/image\/"}}]}},"_links":{"self":[{"href":"https:\/\/hottaadvocacia.com\/pt-br\/wp-json\/wp\/v2\/press\/13228","targetHints":{"allow":["GET"]}}],"collection":[{"href":"https:\/\/hottaadvocacia.com\/pt-br\/wp-json\/wp\/v2\/press"}],"about":[{"href":"https:\/\/hottaadvocacia.com\/pt-br\/wp-json\/wp\/v2\/types\/press"}],"wp:featuredmedia":[{"embeddable":true,"href":"https:\/\/hottaadvocacia.com\/pt-br\/wp-json\/wp\/v2\/media\/12117"}],"wp:attachment":[{"href":"https:\/\/hottaadvocacia.com\/pt-br\/wp-json\/wp\/v2\/media?parent=13228"}],"wp:term":[{"taxonomy":"press_categories","embeddable":true,"href":"https:\/\/hottaadvocacia.com\/pt-br\/wp-json\/wp\/v2\/press_categories?post=13228"}],"curies":[{"name":"wp","href":"https:\/\/api.w.org\/{rel}","templated":true}]}}