{"id":13230,"date":"2024-01-16T13:07:19","date_gmt":"2024-01-16T13:07:19","guid":{"rendered":"https:\/\/hottaadvocacia.com\/?post_type=press&#038;p=13230"},"modified":"2024-01-24T16:39:48","modified_gmt":"2024-01-24T16:39:48","slug":"fotografo-exposicao-vitimas-barragem-mariana","status":"publish","type":"press","link":"https:\/\/hottaadvocacia.com\/pt-br\/press\/fotografo-exposicao-vitimas-barragem-mariana\/","title":{"rendered":"Fot\u00f3grafo vai fazer exposi\u00e7\u00e3o de fotos de v\u00edtimas da barragem de Mariana"},"content":{"rendered":"\n<p>O fot\u00f3grafo Francisco Proner, que ficou conhecido aos 18 anos por registrar Lula carregado por uma multid\u00e3o em S\u00e3o Bernardo do Campo (SP) antes de ser preso, em 2018, vai fazer uma exposi\u00e7\u00e3o com magens de v\u00edtimas do rompimento da barragem de Mariana (MG), em novembro de 2015.<\/p>\n\n\n\n<p>Hoje com 23 anos, Proner vai ser acompanhado em parte das viagem a comunidades afetadas pelos rejeitos de min\u00e9rio por integrantes do Hotta Advocacia, que \u00e9 parceiro institucional no Brasil do Pogust Goodhead, escrit\u00f3rio que representa cerca de 700.000 v\u00edtimas na a\u00e7\u00e3o nos tribunais ingleses contra a multinacional anglo-australiana BHP, controladora da Samarco junto com a Vale.<\/p>\n\n\n\n<p>Com fotos publicadas em jornais como New York Times, The Washington Post, The Guardian, Le Monde e El Pa\u00eds, o fot\u00f3grafo quer que suas imagens ajudem a sensibilizar as autoridades competentes a resolver logo a compensa\u00e7\u00e3o das v\u00edtimas.<\/p>\n\n\n\n<p>\u201cA fotografia denuncia o que s\u00f3 as palavras n\u00e3o s\u00e3o capazes. O nosso objetivo \u00e9 registrar o rastro de destrui\u00e7\u00e3o que grandes empresas deixam no meio ambiente e na vida das pessoas, principalmente dos povos origin\u00e1rios, que tem a natureza como a pr\u00f3pria casa\u201d, afirma Proner.<\/p>\n\n\n\n<p><em>Esta mat\u00e9ria foi <a href=\"https:\/\/veja.abril.com.br\/coluna\/radar\/fotografo-vai-fazer-exposicao-de-fotos-de-vitimas-da-barragem-de-mariana\">publicada originalmente na revista Veja<\/a>.<\/em><\/p>\n","protected":false},"featured_media":12170,"template":"","press_categories":[],"class_list":["post-13230","press","type-press","status-publish","has-post-thumbnail","hentry","description-off"],"acf":[],"yoast_head":"<!-- This site is optimized with the Yoast SEO Premium plugin v26.2 (Yoast SEO v27.5) - https:\/\/yoast.com\/product\/yoast-seo-premium-wordpress\/ -->\n<title>Fot\u00f3grafo vai fazer exposi\u00e7\u00e3o de fotos de v\u00edtimas da barragem de Mariana - Hotta Advocacia<\/title>\n<meta name=\"description\" content=\"O fot\u00f3grafo conhecido por registrar Lula carregado por uma multid\u00e3o antes de ser preso vai fazer uma exposi\u00e7\u00e3o com imagens de v\u00edtimas do rompimento da barragem de Mariana (MG), em novembro de 2015.\" \/>\n<meta name=\"robots\" content=\"index, follow, max-snippet:-1, max-image-preview:large, max-video-preview:-1\" \/>\n<link rel=\"canonical\" href=\"https:\/\/hottaadvocacia.com\/pt-br\/press\/fotografo-exposicao-vitimas-barragem-mariana\/\" \/>\n<meta property=\"og:locale\" content=\"pt_BR\" \/>\n<meta property=\"og:type\" content=\"article\" \/>\n<meta property=\"og:title\" content=\"Fot\u00f3grafo vai fazer exposi\u00e7\u00e3o de fotos de v\u00edtimas da barragem de Mariana\" \/>\n<meta property=\"og:description\" content=\"O fot\u00f3grafo conhecido por registrar Lula carregado por uma multid\u00e3o antes de ser preso vai fazer uma exposi\u00e7\u00e3o com imagens de v\u00edtimas do rompimento da barragem de Mariana (MG), em novembro de 2015.\" \/>\n<meta property=\"og:url\" content=\"https:\/\/hottaadvocacia.com\/pt-br\/press\/fotografo-exposicao-vitimas-barragem-mariana\/\" \/>\n<meta property=\"og:site_name\" content=\"Hotta Advocacia\" \/>\n<meta property=\"article:modified_time\" content=\"2024-01-24T16:39:48+00:00\" \/>\n<meta property=\"og:image\" content=\"https:\/\/hottaadvocacia.com\/wp-content\/uploads\/2023\/03\/team.png\" \/>\n\t<meta property=\"og:image:width\" content=\"1200\" \/>\n\t<meta property=\"og:image:height\" content=\"800\" \/>\n\t<meta property=\"og:image:type\" content=\"image\/png\" \/>\n<meta name=\"twitter:card\" content=\"summary_large_image\" \/>\n<meta name=\"twitter:label1\" content=\"Est. tempo de leitura\" \/>\n\t<meta name=\"twitter:data1\" content=\"2 minutos\" \/>\n<script type=\"application\/ld+json\" class=\"yoast-schema-graph\">{\"@context\":\"https:\\\/\\\/schema.org\",\"@graph\":[{\"@type\":\"WebPage\",\"@id\":\"https:\\\/\\\/hottaadvocacia.com\\\/pt-br\\\/press\\\/fotografo-exposicao-vitimas-barragem-mariana\\\/\",\"url\":\"https:\\\/\\\/hottaadvocacia.com\\\/pt-br\\\/press\\\/fotografo-exposicao-vitimas-barragem-mariana\\\/\",\"name\":\"Fot\u00f3grafo vai fazer exposi\u00e7\u00e3o de fotos de v\u00edtimas da barragem de Mariana - Hotta Advocacia\",\"isPartOf\":{\"@id\":\"https:\\\/\\\/hottaadvocacia.com\\\/pt-br\\\/#website\"},\"primaryImageOfPage\":{\"@id\":\"https:\\\/\\\/hottaadvocacia.com\\\/pt-br\\\/press\\\/fotografo-exposicao-vitimas-barragem-mariana\\\/#primaryimage\"},\"image\":{\"@id\":\"https:\\\/\\\/hottaadvocacia.com\\\/pt-br\\\/press\\\/fotografo-exposicao-vitimas-barragem-mariana\\\/#primaryimage\"},\"thumbnailUrl\":\"https:\\\/\\\/hottaadvocacia.com\\\/wp-content\\\/uploads\\\/2023\\\/03\\\/team.png\",\"datePublished\":\"2024-01-16T13:07:19+00:00\",\"dateModified\":\"2024-01-24T16:39:48+00:00\",\"description\":\"O fot\u00f3grafo conhecido por registrar Lula carregado por uma multid\u00e3o antes de ser preso vai fazer uma exposi\u00e7\u00e3o com imagens de v\u00edtimas do rompimento da barragem de Mariana (MG), em novembro de 2015.\",\"breadcrumb\":{\"@id\":\"https:\\\/\\\/hottaadvocacia.com\\\/pt-br\\\/press\\\/fotografo-exposicao-vitimas-barragem-mariana\\\/#breadcrumb\"},\"inLanguage\":\"pt-BR\",\"potentialAction\":[{\"@type\":\"ReadAction\",\"target\":[\"https:\\\/\\\/hottaadvocacia.com\\\/pt-br\\\/press\\\/fotografo-exposicao-vitimas-barragem-mariana\\\/\"]}]},{\"@type\":\"ImageObject\",\"inLanguage\":\"pt-BR\",\"@id\":\"https:\\\/\\\/hottaadvocacia.com\\\/pt-br\\\/press\\\/fotografo-exposicao-vitimas-barragem-mariana\\\/#primaryimage\",\"url\":\"https:\\\/\\\/hottaadvocacia.com\\\/wp-content\\\/uploads\\\/2023\\\/03\\\/team.png\",\"contentUrl\":\"https:\\\/\\\/hottaadvocacia.com\\\/wp-content\\\/uploads\\\/2023\\\/03\\\/team.png\",\"width\":1200,\"height\":800},{\"@type\":\"BreadcrumbList\",\"@id\":\"https:\\\/\\\/hottaadvocacia.com\\\/pt-br\\\/press\\\/fotografo-exposicao-vitimas-barragem-mariana\\\/#breadcrumb\",\"itemListElement\":[{\"@type\":\"ListItem\",\"position\":1,\"name\":\"Home\",\"item\":\"https:\\\/\\\/hottaadvocacia.com\\\/pt-br\\\/\"},{\"@type\":\"ListItem\",\"position\":2,\"name\":\"Fot\u00f3grafo vai fazer exposi\u00e7\u00e3o de fotos de v\u00edtimas da barragem de Mariana\"}]},{\"@type\":\"WebSite\",\"@id\":\"https:\\\/\\\/hottaadvocacia.com\\\/pt-br\\\/#website\",\"url\":\"https:\\\/\\\/hottaadvocacia.com\\\/pt-br\\\/\",\"name\":\"Hotta Advocacia\",\"description\":\"Justice First\",\"publisher\":{\"@id\":\"https:\\\/\\\/hottaadvocacia.com\\\/pt-br\\\/#organization\"},\"potentialAction\":[{\"@type\":\"SearchAction\",\"target\":{\"@type\":\"EntryPoint\",\"urlTemplate\":\"https:\\\/\\\/hottaadvocacia.com\\\/pt-br\\\/?s={search_term_string}\"},\"query-input\":{\"@type\":\"PropertyValueSpecification\",\"valueRequired\":true,\"valueName\":\"search_term_string\"}}],\"inLanguage\":\"pt-BR\"},{\"@type\":\"Organization\",\"@id\":\"https:\\\/\\\/hottaadvocacia.com\\\/pt-br\\\/#organization\",\"name\":\"Hotta Advocacia\",\"url\":\"https:\\\/\\\/hottaadvocacia.com\\\/pt-br\\\/\",\"logo\":{\"@type\":\"ImageObject\",\"inLanguage\":\"pt-BR\",\"@id\":\"https:\\\/\\\/hottaadvocacia.com\\\/pt-br\\\/#\\\/schema\\\/logo\\\/image\\\/\",\"url\":\"https:\\\/\\\/hottaadvocacia.com\\\/wp-content\\\/uploads\\\/2023\\\/03\\\/HA-logo-1.png\",\"contentUrl\":\"https:\\\/\\\/hottaadvocacia.com\\\/wp-content\\\/uploads\\\/2023\\\/03\\\/HA-logo-1.png\",\"width\":897,\"height\":350,\"caption\":\"Hotta Advocacia\"},\"image\":{\"@id\":\"https:\\\/\\\/hottaadvocacia.com\\\/pt-br\\\/#\\\/schema\\\/logo\\\/image\\\/\"}}]}<\/script>\n<!-- \/ Yoast SEO Premium plugin. -->","yoast_head_json":{"title":"Fot\u00f3grafo vai fazer exposi\u00e7\u00e3o de fotos de v\u00edtimas da barragem de Mariana - Hotta Advocacia","description":"O fot\u00f3grafo conhecido por registrar Lula carregado por uma multid\u00e3o antes de ser preso vai fazer uma exposi\u00e7\u00e3o com imagens de v\u00edtimas do rompimento da barragem de Mariana (MG), em novembro de 2015.","robots":{"index":"index","follow":"follow","max-snippet":"max-snippet:-1","max-image-preview":"max-image-preview:large","max-video-preview":"max-video-preview:-1"},"canonical":"https:\/\/hottaadvocacia.com\/pt-br\/press\/fotografo-exposicao-vitimas-barragem-mariana\/","og_locale":"pt_BR","og_type":"article","og_title":"Fot\u00f3grafo vai fazer exposi\u00e7\u00e3o de fotos de v\u00edtimas da barragem de Mariana","og_description":"O fot\u00f3grafo conhecido por registrar Lula carregado por uma multid\u00e3o antes de ser preso vai fazer uma exposi\u00e7\u00e3o com imagens de v\u00edtimas do rompimento da barragem de Mariana (MG), em novembro de 2015.","og_url":"https:\/\/hottaadvocacia.com\/pt-br\/press\/fotografo-exposicao-vitimas-barragem-mariana\/","og_site_name":"Hotta Advocacia","article_modified_time":"2024-01-24T16:39:48+00:00","og_image":[{"width":1200,"height":800,"url":"https:\/\/hottaadvocacia.com\/wp-content\/uploads\/2023\/03\/team.png","type":"image\/png"}],"twitter_card":"summary_large_image","twitter_misc":{"Est. tempo de leitura":"2 minutos"},"schema":{"@context":"https:\/\/schema.org","@graph":[{"@type":"WebPage","@id":"https:\/\/hottaadvocacia.com\/pt-br\/press\/fotografo-exposicao-vitimas-barragem-mariana\/","url":"https:\/\/hottaadvocacia.com\/pt-br\/press\/fotografo-exposicao-vitimas-barragem-mariana\/","name":"Fot\u00f3grafo vai fazer exposi\u00e7\u00e3o de fotos de v\u00edtimas da barragem de Mariana - Hotta Advocacia","isPartOf":{"@id":"https:\/\/hottaadvocacia.com\/pt-br\/#website"},"primaryImageOfPage":{"@id":"https:\/\/hottaadvocacia.com\/pt-br\/press\/fotografo-exposicao-vitimas-barragem-mariana\/#primaryimage"},"image":{"@id":"https:\/\/hottaadvocacia.com\/pt-br\/press\/fotografo-exposicao-vitimas-barragem-mariana\/#primaryimage"},"thumbnailUrl":"https:\/\/hottaadvocacia.com\/wp-content\/uploads\/2023\/03\/team.png","datePublished":"2024-01-16T13:07:19+00:00","dateModified":"2024-01-24T16:39:48+00:00","description":"O fot\u00f3grafo conhecido por registrar Lula carregado por uma multid\u00e3o antes de ser preso vai fazer uma exposi\u00e7\u00e3o com imagens de v\u00edtimas do rompimento da barragem de Mariana (MG), em novembro de 2015.","breadcrumb":{"@id":"https:\/\/hottaadvocacia.com\/pt-br\/press\/fotografo-exposicao-vitimas-barragem-mariana\/#breadcrumb"},"inLanguage":"pt-BR","potentialAction":[{"@type":"ReadAction","target":["https:\/\/hottaadvocacia.com\/pt-br\/press\/fotografo-exposicao-vitimas-barragem-mariana\/"]}]},{"@type":"ImageObject","inLanguage":"pt-BR","@id":"https:\/\/hottaadvocacia.com\/pt-br\/press\/fotografo-exposicao-vitimas-barragem-mariana\/#primaryimage","url":"https:\/\/hottaadvocacia.com\/wp-content\/uploads\/2023\/03\/team.png","contentUrl":"https:\/\/hottaadvocacia.com\/wp-content\/uploads\/2023\/03\/team.png","width":1200,"height":800},{"@type":"BreadcrumbList","@id":"https:\/\/hottaadvocacia.com\/pt-br\/press\/fotografo-exposicao-vitimas-barragem-mariana\/#breadcrumb","itemListElement":[{"@type":"ListItem","position":1,"name":"Home","item":"https:\/\/hottaadvocacia.com\/pt-br\/"},{"@type":"ListItem","position":2,"name":"Fot\u00f3grafo vai fazer exposi\u00e7\u00e3o de fotos de v\u00edtimas da barragem de Mariana"}]},{"@type":"WebSite","@id":"https:\/\/hottaadvocacia.com\/pt-br\/#website","url":"https:\/\/hottaadvocacia.com\/pt-br\/","name":"Hotta Advocacia","description":"Justice First","publisher":{"@id":"https:\/\/hottaadvocacia.com\/pt-br\/#organization"},"potentialAction":[{"@type":"SearchAction","target":{"@type":"EntryPoint","urlTemplate":"https:\/\/hottaadvocacia.com\/pt-br\/?s={search_term_string}"},"query-input":{"@type":"PropertyValueSpecification","valueRequired":true,"valueName":"search_term_string"}}],"inLanguage":"pt-BR"},{"@type":"Organization","@id":"https:\/\/hottaadvocacia.com\/pt-br\/#organization","name":"Hotta Advocacia","url":"https:\/\/hottaadvocacia.com\/pt-br\/","logo":{"@type":"ImageObject","inLanguage":"pt-BR","@id":"https:\/\/hottaadvocacia.com\/pt-br\/#\/schema\/logo\/image\/","url":"https:\/\/hottaadvocacia.com\/wp-content\/uploads\/2023\/03\/HA-logo-1.png","contentUrl":"https:\/\/hottaadvocacia.com\/wp-content\/uploads\/2023\/03\/HA-logo-1.png","width":897,"height":350,"caption":"Hotta Advocacia"},"image":{"@id":"https:\/\/hottaadvocacia.com\/pt-br\/#\/schema\/logo\/image\/"}}]}},"_links":{"self":[{"href":"https:\/\/hottaadvocacia.com\/pt-br\/wp-json\/wp\/v2\/press\/13230","targetHints":{"allow":["GET"]}}],"collection":[{"href":"https:\/\/hottaadvocacia.com\/pt-br\/wp-json\/wp\/v2\/press"}],"about":[{"href":"https:\/\/hottaadvocacia.com\/pt-br\/wp-json\/wp\/v2\/types\/press"}],"wp:featuredmedia":[{"embeddable":true,"href":"https:\/\/hottaadvocacia.com\/pt-br\/wp-json\/wp\/v2\/media\/12170"}],"wp:attachment":[{"href":"https:\/\/hottaadvocacia.com\/pt-br\/wp-json\/wp\/v2\/media?parent=13230"}],"wp:term":[{"taxonomy":"press_categories","embeddable":true,"href":"https:\/\/hottaadvocacia.com\/pt-br\/wp-json\/wp\/v2\/press_categories?post=13230"}],"curies":[{"name":"wp","href":"https:\/\/api.w.org\/{rel}","templated":true}]}}